{"id":10339,"date":"2025-05-05T13:29:32","date_gmt":"2025-05-05T12:29:32","guid":{"rendered":"https:\/\/ordemdosfisioterapeutas.pt\/?p=10339"},"modified":"2025-05-05T13:36:36","modified_gmt":"2025-05-05T12:36:36","slug":"dia-mundial-da-higiene-das-maos-2","status":"publish","type":"post","link":"https:\/\/ordemdosfisioterapeutas.pt\/fr\/noticias\/dia-mundial-da-higiene-das-maos-2\/","title":{"rendered":"Journ\u00e9e mondiale de l'hygi\u00e8ne des mains"},"content":{"rendered":"<div data-elementor-type=\"wp-post\" data-elementor-id=\"10339\" class=\"elementor elementor-10339\" data-elementor-post-type=\"post\">\n\t\t\t\t<div class=\"elementor-element elementor-element-602d51d e-flex e-con-boxed e-con e-parent\" data-id=\"602d51d\" data-element_type=\"container\" data-e-type=\"container\">\n\t\t\t\t\t<div class=\"e-con-inner\">\n\t\t\t\t<div class=\"elementor-element elementor-element-902674d elementor-widget elementor-widget-text-editor\" data-id=\"902674d\" data-element_type=\"widget\" data-e-type=\"widget\" data-widget_type=\"text-editor.default\">\n\t\t\t\t<div class=\"elementor-widget-container\">\n\t\t\t\t\t\t\t\t\t<p>La Journ\u00e9e mondiale de l'hygi\u00e8ne des mains, c\u00e9l\u00e9br\u00e9e le 5 mai, est promue par l'Organisation mondiale de la sant\u00e9 (OMS) dans le but de renforcer l'importance de l'hygi\u00e8ne des mains en tant que mesure essentielle de pr\u00e9vention des infections, en particulier dans les \u00e9tablissements de soins de sant\u00e9.<\/p><p>L'utilisation correcte des gants et une bonne hygi\u00e8ne des mains sont des \u00e9tapes fondamentales dans la protection des utilisateurs et des professionnels. Pour marquer cette date, l'Ordre des kin\u00e9sith\u00e9rapeutes a r\u00e9alis\u00e9 des supports de communication graphiques avec des messages cl\u00e9s et des recommandations bas\u00e9es sur les lignes directrices de l'OMS.<\/p><p>Gants parfois. Hygi\u00e8ne des mains, toujours<\/p>\t\t\t\t\t\t\t\t<\/div>\n\t\t\t\t<\/div>\n\t\t\t\t\t<\/div>\n\t\t\t\t<\/div>\n\t\t<div class=\"elementor-element elementor-element-061d508 e-grid e-con-boxed e-con e-parent\" data-id=\"061d508\" data-element_type=\"container\" data-e-type=\"container\">\n\t\t\t\t\t<div class=\"e-con-inner\">\n\t\t\t\t<div class=\"elementor-element elementor-element-5019759 elementor-widget elementor-widget-image\" data-id=\"5019759\" data-element_type=\"widget\" data-e-type=\"widget\" data-widget_type=\"image.default\">\n\t\t\t\t<div class=\"elementor-widget-container\">\n\t\t\t\t\t\t\t\t\t\t\t\t\t\t\t\t<a href=\"https:\/\/bit.ly\/OF_higiene_Maos_5MAI_slogan\" target=\"_blank\" rel=\"noopener\">\n\t\t\t\t\t\t\t<img decoding=\"async\" width=\"125\" height=\"176\" src=\"https:\/\/ordemdosfisioterapeutas.pt\/wp-content\/uploads\/2025\/05\/Slogan-de-2025-thumb.png\" class=\"attachment-large size-large wp-image-10346\" alt=\"\" srcset=\"https:\/\/ordemdosfisioterapeutas.pt\/wp-content\/uploads\/2025\/05\/Slogan-de-2025-thumb.png 125w, https:\/\/ordemdosfisioterapeutas.pt\/wp-content\/uploads\/2025\/05\/Slogan-de-2025-thumb-9x12.png 9w\" sizes=\"(max-width: 125px) 100vw, 125px\" \/>\t\t\t\t\t\t\t\t<\/a>\n\t\t\t\t\t\t\t\t\t\t\t\t\t\t\t<\/div>\n\t\t\t\t<\/div>\n\t\t\t\t<div class=\"elementor-element elementor-element-b69a373 elementor-widget elementor-widget-image\" data-id=\"b69a373\" data-element_type=\"widget\" data-e-type=\"widget\" data-widget_type=\"image.default\">\n\t\t\t\t<div class=\"elementor-widget-container\">\n\t\t\t\t\t\t\t\t\t\t\t\t\t\t\t\t<a href=\"https:\/\/bit.ly\/OF_higiene_Maos_5MAI_poster1\" target=\"_blank\" rel=\"noopener\">\n\t\t\t\t\t\t\t<img decoding=\"async\" width=\"125\" height=\"176\" src=\"https:\/\/ordemdosfisioterapeutas.pt\/wp-content\/uploads\/2025\/05\/Poster-1-thumb.png\" class=\"attachment-large size-large wp-image-10343\" alt=\"\" srcset=\"https:\/\/ordemdosfisioterapeutas.pt\/wp-content\/uploads\/2025\/05\/Poster-1-thumb.png 125w, https:\/\/ordemdosfisioterapeutas.pt\/wp-content\/uploads\/2025\/05\/Poster-1-thumb-9x12.png 9w\" sizes=\"(max-width: 125px) 100vw, 125px\" \/>\t\t\t\t\t\t\t\t<\/a>\n\t\t\t\t\t\t\t\t\t\t\t\t\t\t\t<\/div>\n\t\t\t\t<\/div>\n\t\t\t\t<div class=\"elementor-element elementor-element-2d05b96 elementor-widget elementor-widget-image\" data-id=\"2d05b96\" data-element_type=\"widget\" data-e-type=\"widget\" data-widget_type=\"image.default\">\n\t\t\t\t<div class=\"elementor-widget-container\">\n\t\t\t\t\t\t\t\t\t\t\t\t\t\t\t\t<a href=\"https:\/\/bit.ly\/OF_higiene_Maos_5MAI_poster2\" target=\"_blank\" rel=\"noopener\">\n\t\t\t\t\t\t\t<img decoding=\"async\" width=\"125\" height=\"176\" src=\"https:\/\/ordemdosfisioterapeutas.pt\/wp-content\/uploads\/2025\/05\/Poster-2-thumb.png\" class=\"attachment-large size-large wp-image-10344\" alt=\"\" srcset=\"https:\/\/ordemdosfisioterapeutas.pt\/wp-content\/uploads\/2025\/05\/Poster-2-thumb.png 125w, https:\/\/ordemdosfisioterapeutas.pt\/wp-content\/uploads\/2025\/05\/Poster-2-thumb-9x12.png 9w\" sizes=\"(max-width: 125px) 100vw, 125px\" \/>\t\t\t\t\t\t\t\t<\/a>\n\t\t\t\t\t\t\t\t\t\t\t\t\t\t\t<\/div>\n\t\t\t\t<\/div>\n\t\t\t\t<div class=\"elementor-element elementor-element-5cb0644 elementor-widget elementor-widget-image\" data-id=\"5cb0644\" data-element_type=\"widget\" data-e-type=\"widget\" data-widget_type=\"image.default\">\n\t\t\t\t<div class=\"elementor-widget-container\">\n\t\t\t\t\t\t\t\t\t\t\t\t\t\t\t\t<a href=\"https:\/\/bit.ly\/OF_higiene_Maos_5MAI_poster3\" target=\"_blank\" rel=\"noopener\">\n\t\t\t\t\t\t\t<img loading=\"lazy\" decoding=\"async\" width=\"125\" height=\"176\" src=\"https:\/\/ordemdosfisioterapeutas.pt\/wp-content\/uploads\/2025\/05\/Poster-3-thumb.png\" class=\"attachment-large size-large wp-image-10345\" alt=\"\" srcset=\"https:\/\/ordemdosfisioterapeutas.pt\/wp-content\/uploads\/2025\/05\/Poster-3-thumb.png 125w, https:\/\/ordemdosfisioterapeutas.pt\/wp-content\/uploads\/2025\/05\/Poster-3-thumb-9x12.png 9w\" sizes=\"(max-width: 125px) 100vw, 125px\" \/>\t\t\t\t\t\t\t\t<\/a>\n\t\t\t\t\t\t\t\t\t\t\t\t\t\t\t<\/div>\n\t\t\t\t<\/div>\n\t\t\t\t<div class=\"elementor-element elementor-element-9315f69 elementor-widget elementor-widget-image\" data-id=\"9315f69\" data-element_type=\"widget\" data-e-type=\"widget\" data-widget_type=\"image.default\">\n\t\t\t\t<div class=\"elementor-widget-container\">\n\t\t\t\t\t\t\t\t\t\t\t\t\t\t\t\t<a href=\"https:\/\/bit.ly\/OF_higiene_Maos_5MAI_piramideOMS\" target=\"_blank\" rel=\"noopener\">\n\t\t\t\t\t\t\t<img loading=\"lazy\" decoding=\"async\" width=\"125\" height=\"177\" src=\"https:\/\/ordemdosfisioterapeutas.pt\/wp-content\/uploads\/2025\/05\/Piramide-OMS_thumb.png\" class=\"attachment-large size-large wp-image-10342\" alt=\"\" srcset=\"https:\/\/ordemdosfisioterapeutas.pt\/wp-content\/uploads\/2025\/05\/Piramide-OMS_thumb.png 125w, https:\/\/ordemdosfisioterapeutas.pt\/wp-content\/uploads\/2025\/05\/Piramide-OMS_thumb-8x12.png 8w\" sizes=\"(max-width: 125px) 100vw, 125px\" \/>\t\t\t\t\t\t\t\t<\/a>\n\t\t\t\t\t\t\t\t\t\t\t\t\t\t\t<\/div>\n\t\t\t\t<\/div>\n\t\t\t\t\t<\/div>\n\t\t\t\t<\/div>\n\t\t\t\t<\/div>","protected":false},"excerpt":{"rendered":"<p>La Journ\u00e9e mondiale de l'hygi\u00e8ne des mains, c\u00e9l\u00e9br\u00e9e le 5 mai, est promue par l'Organisation mondiale de la sant\u00e9 (OMS) dans le but de renforcer l'importance de l'hygi\u00e8ne des mains en tant que mesure essentielle de pr\u00e9vention des infections, en particulier dans les \u00e9tablissements de soins de sant\u00e9.<\/p>","protected":false},"author":1,"featured_media":10340,"comment_status":"closed","ping_status":"open","sticky":false,"template":"","format":"standard","meta":{"footnotes":""},"categories":[13],"tags":[],"class_list":["post-10339","post","type-post","status-publish","format-standard","has-post-thumbnail","hentry","category-noticias"],"_links":{"self":[{"href":"https:\/\/ordemdosfisioterapeutas.pt\/fr\/wp-json\/wp\/v2\/posts\/10339","targetHints":{"allow":["GET"]}}],"collection":[{"href":"https:\/\/ordemdosfisioterapeutas.pt\/fr\/wp-json\/wp\/v2\/posts"}],"about":[{"href":"https:\/\/ordemdosfisioterapeutas.pt\/fr\/wp-json\/wp\/v2\/types\/post"}],"author":[{"embeddable":true,"href":"https:\/\/ordemdosfisioterapeutas.pt\/fr\/wp-json\/wp\/v2\/users\/1"}],"replies":[{"embeddable":true,"href":"https:\/\/ordemdosfisioterapeutas.pt\/fr\/wp-json\/wp\/v2\/comments?post=10339"}],"version-history":[{"count":0,"href":"https:\/\/ordemdosfisioterapeutas.pt\/fr\/wp-json\/wp\/v2\/posts\/10339\/revisions"}],"wp:featuredmedia":[{"embeddable":true,"href":"https:\/\/ordemdosfisioterapeutas.pt\/fr\/wp-json\/wp\/v2\/media\/10340"}],"wp:attachment":[{"href":"https:\/\/ordemdosfisioterapeutas.pt\/fr\/wp-json\/wp\/v2\/media?parent=10339"}],"wp:term":[{"taxonomy":"category","embeddable":true,"href":"https:\/\/ordemdosfisioterapeutas.pt\/fr\/wp-json\/wp\/v2\/categories?post=10339"},{"taxonomy":"post_tag","embeddable":true,"href":"https:\/\/ordemdosfisioterapeutas.pt\/fr\/wp-json\/wp\/v2\/tags?post=10339"}],"curies":[{"name":"wp","href":"https:\/\/api.w.org\/{rel}","templated":true}]}}