{"id":9953,"date":"2025-03-07T14:41:11","date_gmt":"2025-03-07T14:41:11","guid":{"rendered":"https:\/\/ordemdosfisioterapeutas.pt\/?p=9953"},"modified":"2025-03-09T11:02:43","modified_gmt":"2025-03-09T11:02:43","slug":"ordem-dos-fisioterapeutas-divulga-agenda-de-investigacao-para-a-fisioterapia-em-portugal","status":"publish","type":"post","link":"https:\/\/ordemdosfisioterapeutas.pt\/es\/noticias\/ordem-dos-fisioterapeutas-divulga-agenda-de-investigacao-para-a-fisioterapia-em-portugal\/","title":{"rendered":"El Colegio de Fisioterapeutas publica una Agenda de Investigaci\u00f3n para la Fisioterapia en Portugal"},"content":{"rendered":"<div data-elementor-type=\"wp-post\" data-elementor-id=\"9953\" class=\"elementor elementor-9953\" data-elementor-post-type=\"post\">\n\t\t\t\t<div class=\"elementor-element elementor-element-13531a2 e-flex e-con-boxed e-con e-parent\" data-id=\"13531a2\" data-element_type=\"container\" data-e-type=\"container\">\n\t\t\t\t\t<div class=\"e-con-inner\">\n\t\t\t\t<div class=\"elementor-element elementor-element-fb1d50a elementor-widget elementor-widget-text-editor\" data-id=\"fb1d50a\" data-element_type=\"widget\" data-e-type=\"widget\" data-widget_type=\"text-editor.default\">\n\t\t\t\t<div class=\"elementor-widget-container\">\n\t\t\t\t\t\t\t\t\t<p>El Gabinete de Estudios y Planificaci\u00f3n (GEP) del Colegio de Fisioterapeutas ha elaborado una Agenda de Investigaci\u00f3n para la Fisioterapia en Portugal, que identifica las prioridades de investigaci\u00f3n para la Fisioterapia en el contexto nacional.\u00a0<\/p><p>Resultado de un proyecto de investigaci\u00f3n que implic\u00f3 un riguroso proceso de revisi\u00f3n bibliogr\u00e1fica y consenso entre 479 fisioterapeutas y 70 usuarios, este diario proporciona una base s\u00f3lida para orientar la futura investigaci\u00f3n en fisioterapia en Portugal, con impacto en la pr\u00e1ctica cl\u00ednica y en el bienestar de los usuarios.\u00a0<\/p><p>Con la publicaci\u00f3n de esta agenda, la Orden de Fisioterapeutas refuerza su compromiso con la promoci\u00f3n de la investigaci\u00f3n y la mejora continua de la pr\u00e1ctica de la fisioterapia en Portugal, reflejando las perspectivas de los fisioterapeutas y usuarios portugueses.\u00a0<\/p><p>Puede acceder al orden del d\u00eda completo en el enlace: <span style=\"text-decoration: underline;\"><a href=\"https:\/\/ordemdosfisioterapeutas.pt\/wp-content\/uploads\/2025\/02\/Relatorio_Agenda_09012025.pdf\" target=\"_blank\" rel=\"noopener\">Informe<\/a>\u202f\u00a0<\/span><\/p>\t\t\t\t\t\t\t\t<\/div>\n\t\t\t\t<\/div>\n\t\t\t\t\t<\/div>\n\t\t\t\t<\/div>\n\t\t\t\t<\/div>","protected":false},"excerpt":{"rendered":"<p>El Gabinete de Estudios y Planificaci\u00f3n (GEP) del Colegio de Fisioterapeutas ha elaborado una Agenda de Investigaci\u00f3n para la Fisioterapia en Portugal, que identifica las prioridades de investigaci\u00f3n para la Fisioterapia en el contexto nacional.<\/p>","protected":false},"author":1,"featured_media":9954,"comment_status":"closed","ping_status":"open","sticky":false,"template":"","format":"standard","meta":{"footnotes":""},"categories":[13],"tags":[],"class_list":["post-9953","post","type-post","status-publish","format-standard","has-post-thumbnail","hentry","category-noticias"],"_links":{"self":[{"href":"https:\/\/ordemdosfisioterapeutas.pt\/es\/wp-json\/wp\/v2\/posts\/9953","targetHints":{"allow":["GET"]}}],"collection":[{"href":"https:\/\/ordemdosfisioterapeutas.pt\/es\/wp-json\/wp\/v2\/posts"}],"about":[{"href":"https:\/\/ordemdosfisioterapeutas.pt\/es\/wp-json\/wp\/v2\/types\/post"}],"author":[{"embeddable":true,"href":"https:\/\/ordemdosfisioterapeutas.pt\/es\/wp-json\/wp\/v2\/users\/1"}],"replies":[{"embeddable":true,"href":"https:\/\/ordemdosfisioterapeutas.pt\/es\/wp-json\/wp\/v2\/comments?post=9953"}],"version-history":[{"count":0,"href":"https:\/\/ordemdosfisioterapeutas.pt\/es\/wp-json\/wp\/v2\/posts\/9953\/revisions"}],"wp:featuredmedia":[{"embeddable":true,"href":"https:\/\/ordemdosfisioterapeutas.pt\/es\/wp-json\/wp\/v2\/media\/9954"}],"wp:attachment":[{"href":"https:\/\/ordemdosfisioterapeutas.pt\/es\/wp-json\/wp\/v2\/media?parent=9953"}],"wp:term":[{"taxonomy":"category","embeddable":true,"href":"https:\/\/ordemdosfisioterapeutas.pt\/es\/wp-json\/wp\/v2\/categories?post=9953"},{"taxonomy":"post_tag","embeddable":true,"href":"https:\/\/ordemdosfisioterapeutas.pt\/es\/wp-json\/wp\/v2\/tags?post=9953"}],"curies":[{"name":"wp","href":"https:\/\/api.w.org\/{rel}","templated":true}]}}