{"id":8359,"date":"2024-06-25T08:00:00","date_gmt":"2024-06-25T07:00:00","guid":{"rendered":"https:\/\/ordemdosfisioterapeutas.pt\/?p=8359"},"modified":"2024-06-27T10:43:11","modified_gmt":"2024-06-27T09:43:11","slug":"congresso-world-physiotherapy-datas-para-submissao-de-abstracts","status":"publish","type":"post","link":"https:\/\/ordemdosfisioterapeutas.pt\/es\/noticias\/congresso-world-physiotherapy-datas-para-submissao-de-abstracts\/","title":{"rendered":"Congreso Mundial de Fisioterapia - Fechas para la presentaci\u00f3n de res\u00famenes"},"content":{"rendered":"<div data-elementor-type=\"wp-post\" data-elementor-id=\"8359\" class=\"elementor elementor-8359\" data-elementor-post-type=\"post\">\n\t\t\t\t<div class=\"elementor-element elementor-element-c2c3e75 e-flex e-con-boxed e-con e-parent\" data-id=\"c2c3e75\" data-element_type=\"container\" data-e-type=\"container\">\n\t\t\t\t\t<div class=\"e-con-inner\">\n\t\t\t\t<div class=\"elementor-element elementor-element-d37179a elementor-widget elementor-widget-text-editor\" data-id=\"d37179a\" data-element_type=\"widget\" data-e-type=\"widget\" data-widget_type=\"text-editor.default\">\n\t\t\t\t<div class=\"elementor-widget-container\">\n\t\t\t\t\t\t\t\t\t<p>La Orden de Fisioterapeutas, como miembro de World Physiotherapy (WP), invita a todos los Fisioterapeutas a presentar <em>res\u00famenes<\/em> para el pr\u00f3ximo <strong>Congreso Mundial de Fisioterapia <\/strong>hasta el d\u00eda<strong> 3 de octubre. <\/strong>El acontecimiento tendr\u00e1 lugar del 29 al 31 de mayo de 2025 en Tokio (Jap\u00f3n).<\/p><p>Este prestigioso congreso cient\u00edfico internacional, organizado cada dos a\u00f1os por WP, re\u00fane a expertos y colegas de todo el mundo para intercambiar y compartir innovaciones e ideas sobre investigaci\u00f3n, educaci\u00f3n, gesti\u00f3n, \u00e9tica y pr\u00e1ctica cl\u00ednica, y sus implicaciones para la profesi\u00f3n.<\/p><p>En <strong>criterios de selecci\u00f3n <em>res\u00famenes<\/em><\/strong> son los siguientes:<\/p><ul><li>Presentaci\u00f3n de las \u00faltimas investigaciones con datos cient\u00edficos originales (podr\u00e1n presentarse informes de inter\u00e9s especial y estudios de casos);<\/li><li>Abordar avances nuevos y singulares en la pr\u00e1ctica, la teor\u00eda, la educaci\u00f3n, la gesti\u00f3n, la pol\u00edtica y los recursos;<\/li><li>Descripci\u00f3n de formas innovadoras de adaptar los m\u00e9todos establecidos a las necesidades cambiantes de la pr\u00e1ctica.<\/li><\/ul><p><strong>Programa de apoyo<\/strong><\/p><p>Todas las partes interesadas que necesiten ayuda tienen a su disposici\u00f3n un <a href=\"https:\/\/wp2025.world.physio\/abstract-support\/\" target=\"_blank\" rel=\"noopener\"><strong>programa de apoyo<\/strong><\/a> hasta el 16 de septiembre. El objetivo de este programa es ayudar a los autores a presentar su material de forma clara y concisa, mediante <em>comentarios<\/em> y consejos \u00fatiles, antes de presentar su <em>res\u00famenes<\/em>.<\/p><p>Este programa puede ser especialmente \u00fatil para quienes necesiten apoyo con la redacci\u00f3n cient\u00edfica en ingl\u00e9s, no dispongan de redes locales\/nacionales de apoyo a la investigaci\u00f3n o tengan poca experiencia en la presentaci\u00f3n de este tipo de trabajos.<\/p><p><strong>En <em>res\u00famenes<\/em> deber\u00e1 presentarse antes del 3 de octubre de 2024 (<\/strong><span style=\"text-decoration: underline;\"><a href=\"https:\/\/physio.us11.list-manage.com\/track\/click?u=833b86b6280ef62cc18e8eaf3&amp;id=704fa7df65&amp;e=34390974e3\" target=\"_blank\" rel=\"noopener\"><strong>aqu\u00ed<\/strong><\/a><\/span><strong>).<\/strong><\/p>\t\t\t\t\t\t\t\t<\/div>\n\t\t\t\t<\/div>\n\t\t\t\t\t<\/div>\n\t\t\t\t<\/div>\n\t\t\t\t<\/div>","protected":false},"excerpt":{"rendered":"<p>La Orden de Fisioterapeutas, como miembro de World Physiotherapy (WP), invita a todos los fisioterapeutas a presentar res\u00famenes para el pr\u00f3ximo Congreso Mundial de Fisioterapia antes del 3 de octubre.<\/p>","protected":false},"author":1,"featured_media":8360,"comment_status":"closed","ping_status":"open","sticky":false,"template":"","format":"standard","meta":{"footnotes":""},"categories":[13],"tags":[],"class_list":["post-8359","post","type-post","status-publish","format-standard","has-post-thumbnail","hentry","category-noticias"],"_links":{"self":[{"href":"https:\/\/ordemdosfisioterapeutas.pt\/es\/wp-json\/wp\/v2\/posts\/8359","targetHints":{"allow":["GET"]}}],"collection":[{"href":"https:\/\/ordemdosfisioterapeutas.pt\/es\/wp-json\/wp\/v2\/posts"}],"about":[{"href":"https:\/\/ordemdosfisioterapeutas.pt\/es\/wp-json\/wp\/v2\/types\/post"}],"author":[{"embeddable":true,"href":"https:\/\/ordemdosfisioterapeutas.pt\/es\/wp-json\/wp\/v2\/users\/1"}],"replies":[{"embeddable":true,"href":"https:\/\/ordemdosfisioterapeutas.pt\/es\/wp-json\/wp\/v2\/comments?post=8359"}],"version-history":[{"count":0,"href":"https:\/\/ordemdosfisioterapeutas.pt\/es\/wp-json\/wp\/v2\/posts\/8359\/revisions"}],"wp:featuredmedia":[{"embeddable":true,"href":"https:\/\/ordemdosfisioterapeutas.pt\/es\/wp-json\/wp\/v2\/media\/8360"}],"wp:attachment":[{"href":"https:\/\/ordemdosfisioterapeutas.pt\/es\/wp-json\/wp\/v2\/media?parent=8359"}],"wp:term":[{"taxonomy":"category","embeddable":true,"href":"https:\/\/ordemdosfisioterapeutas.pt\/es\/wp-json\/wp\/v2\/categories?post=8359"},{"taxonomy":"post_tag","embeddable":true,"href":"https:\/\/ordemdosfisioterapeutas.pt\/es\/wp-json\/wp\/v2\/tags?post=8359"}],"curies":[{"name":"wp","href":"https:\/\/api.w.org\/{rel}","templated":true}]}}