{"id":7678,"date":"2024-03-07T17:19:22","date_gmt":"2024-03-07T17:19:22","guid":{"rendered":"https:\/\/ordemdosfisioterapeutas.pt\/?p=7678"},"modified":"2024-03-07T17:21:00","modified_gmt":"2024-03-07T17:21:00","slug":"servicos-e-unidades-de-fisioterapia-no-servico-nacional-de-saude","status":"publish","type":"post","link":"https:\/\/ordemdosfisioterapeutas.pt\/es\/noticias\/servicos-e-unidades-de-fisioterapia-no-servico-nacional-de-saude\/","title":{"rendered":"Servicios y unidades de fisioterapia en el Servicio Nacional de Salud"},"content":{"rendered":"\t\t<div data-elementor-type=\"wp-post\" data-elementor-id=\"7678\" class=\"elementor elementor-7678\" data-elementor-post-type=\"post\">\n\t\t\t\t<div class=\"elementor-element elementor-element-a424b42 e-flex e-con-boxed e-con e-parent\" data-id=\"a424b42\" data-element_type=\"container\" data-e-type=\"container\">\n\t\t\t\t\t<div class=\"e-con-inner\">\n\t\t\t\t<div class=\"elementor-element elementor-element-0fec7b1 elementor-widget elementor-widget-text-editor\" data-id=\"0fec7b1\" data-element_type=\"widget\" data-e-type=\"widget\" data-widget_type=\"text-editor.default\">\n\t\t\t\t<div class=\"elementor-widget-container\">\n\t\t\t\t\t\t\t\t\t<p style=\"font-weight: 400;\">\u201c\u00c9 necess\u00e1rio criar servi\u00e7os e unidades de fisioterapia no SNS\u201d. Em entrevista ao jornal Correio da Manh\u00e3, que pode ser lida <a href=\"https:\/\/bit.ly\/OF_entrevista_CM_07032024\" target=\"_blank\" rel=\"noopener\"><span style=\"text-decoration: underline;\">aqui<\/span><\/a> o Baston\u00e1rio Ant\u00f3nio Lopes destaca o modelo defendido pela Ordem dos Fisioterapeutas, \u201ccom [\u2026] organiza\u00e7\u00e3o e funcionamento semelhante ao que j\u00e1 est\u00e1 a ser implementado para outras profiss\u00f5es de sa\u00fade\u201d, e que \u201ccontribuir\u00e1 para a qualifica\u00e7\u00e3o da resposta do SNS, com impacto direto na sa\u00fade do utente, e sobretudo na maior acessibilidade aos cuidados prestados\u201d.<\/p><p style=\"font-weight: 400;\"><a href=\"https:\/\/www.facebook.com\/hashtag\/bastonarioantoniolopes?__eep__=6&amp;__cft__%5b0%5d=AZVKmEHP6wm0FogtSJWVEj0KQN9yY9Dp-g7lYt7fJzl22qpeoYm-81a4qyvtDYaRdnG49RCV3Kx4RCJuPrQlP3t6-emFrgTbhQhc5-l5qORAi74Lf_BZp-mqArPC3giy4S6Vtxm_eDF3N4xT_Je5bo35zSuqrkInZh1VjM0QwBEpNXY49OMw8STKxrddGG-Bwzg&amp;__tn__=*NK-R\" target=\"_blank\" rel=\"noopener\">#bastonarioantoniolopes<\/a> <a href=\"https:\/\/www.facebook.com\/hashtag\/ordemdosfisioterapeutas?__eep__=6&amp;__cft__%5b0%5d=AZVKmEHP6wm0FogtSJWVEj0KQN9yY9Dp-g7lYt7fJzl22qpeoYm-81a4qyvtDYaRdnG49RCV3Kx4RCJuPrQlP3t6-emFrgTbhQhc5-l5qORAi74Lf_BZp-mqArPC3giy4S6Vtxm_eDF3N4xT_Je5bo35zSuqrkInZh1VjM0QwBEpNXY49OMw8STKxrddGG-Bwzg&amp;__tn__=*NK-R\" target=\"_blank\" rel=\"noopener\">#ordemdosfisioterapeutas<\/a> <a href=\"https:\/\/www.facebook.com\/hashtag\/fisioterapia?__eep__=6&amp;__cft__%5b0%5d=AZVKmEHP6wm0FogtSJWVEj0KQN9yY9Dp-g7lYt7fJzl22qpeoYm-81a4qyvtDYaRdnG49RCV3Kx4RCJuPrQlP3t6-emFrgTbhQhc5-l5qORAi74Lf_BZp-mqArPC3giy4S6Vtxm_eDF3N4xT_Je5bo35zSuqrkInZh1VjM0QwBEpNXY49OMw8STKxrddGG-Bwzg&amp;__tn__=*NK-R\" target=\"_blank\" rel=\"noopener\">#fisioterapia<\/a> <a href=\"https:\/\/www.facebook.com\/hashtag\/sns?__eep__=6&amp;__cft__%5b0%5d=AZVKmEHP6wm0FogtSJWVEj0KQN9yY9Dp-g7lYt7fJzl22qpeoYm-81a4qyvtDYaRdnG49RCV3Kx4RCJuPrQlP3t6-emFrgTbhQhc5-l5qORAi74Lf_BZp-mqArPC3giy4S6Vtxm_eDF3N4xT_Je5bo35zSuqrkInZh1VjM0QwBEpNXY49OMw8STKxrddGG-Bwzg&amp;__tn__=*NK-R\" target=\"_blank\" rel=\"noopener\">#SNS<\/a> <a href=\"https:\/\/www.facebook.com\/hashtag\/uls?__eep__=6&amp;__cft__%5b0%5d=AZVKmEHP6wm0FogtSJWVEj0KQN9yY9Dp-g7lYt7fJzl22qpeoYm-81a4qyvtDYaRdnG49RCV3Kx4RCJuPrQlP3t6-emFrgTbhQhc5-l5qORAi74Lf_BZp-mqArPC3giy4S6Vtxm_eDF3N4xT_Je5bo35zSuqrkInZh1VjM0QwBEpNXY49OMw8STKxrddGG-Bwzg&amp;__tn__=*NK-R\" target=\"_blank\" rel=\"noopener\">#ULS<\/a><\/p>\t\t\t\t\t\t\t\t<\/div>\n\t\t\t\t<\/div>\n\t\t\t\t\t<\/div>\n\t\t\t\t<\/div>\n\t\t\t\t<\/div>\n\t\t","protected":false},"excerpt":{"rendered":"<p>\u201c\u00c9 necess\u00e1rio criar servi\u00e7os e unidades de fisioterapia no SNS\u201d. Em entrevista ao jornal Correio da Manh\u00e3, que pode ser lida aqui o Baston\u00e1rio Ant\u00f3nio Lopes destaca o modelo defendido pela Ordem dos Fisioterapeutas, \u201ccom [\u2026] <\/p>\n","protected":false},"author":1,"featured_media":7679,"comment_status":"closed","ping_status":"open","sticky":false,"template":"","format":"standard","meta":{"footnotes":""},"categories":[13],"tags":[],"class_list":["post-7678","post","type-post","status-publish","format-standard","has-post-thumbnail","hentry","category-noticias"],"_links":{"self":[{"href":"https:\/\/ordemdosfisioterapeutas.pt\/es\/wp-json\/wp\/v2\/posts\/7678","targetHints":{"allow":["GET"]}}],"collection":[{"href":"https:\/\/ordemdosfisioterapeutas.pt\/es\/wp-json\/wp\/v2\/posts"}],"about":[{"href":"https:\/\/ordemdosfisioterapeutas.pt\/es\/wp-json\/wp\/v2\/types\/post"}],"author":[{"embeddable":true,"href":"https:\/\/ordemdosfisioterapeutas.pt\/es\/wp-json\/wp\/v2\/users\/1"}],"replies":[{"embeddable":true,"href":"https:\/\/ordemdosfisioterapeutas.pt\/es\/wp-json\/wp\/v2\/comments?post=7678"}],"version-history":[{"count":0,"href":"https:\/\/ordemdosfisioterapeutas.pt\/es\/wp-json\/wp\/v2\/posts\/7678\/revisions"}],"wp:featuredmedia":[{"embeddable":true,"href":"https:\/\/ordemdosfisioterapeutas.pt\/es\/wp-json\/wp\/v2\/media\/7679"}],"wp:attachment":[{"href":"https:\/\/ordemdosfisioterapeutas.pt\/es\/wp-json\/wp\/v2\/media?parent=7678"}],"wp:term":[{"taxonomy":"category","embeddable":true,"href":"https:\/\/ordemdosfisioterapeutas.pt\/es\/wp-json\/wp\/v2\/categories?post=7678"},{"taxonomy":"post_tag","embeddable":true,"href":"https:\/\/ordemdosfisioterapeutas.pt\/es\/wp-json\/wp\/v2\/tags?post=7678"}],"curies":[{"name":"wp","href":"https:\/\/api.w.org\/{rel}","templated":true}]}}