{"id":7307,"date":"2023-12-20T20:50:29","date_gmt":"2023-12-20T20:50:29","guid":{"rendered":"https:\/\/ordemdosfisioterapeutas.pt\/?p=7307"},"modified":"2023-12-20T20:52:51","modified_gmt":"2023-12-20T20:52:51","slug":"ordem-participa-em-aula-de-estudantes-de-fisioterapia","status":"publish","type":"post","link":"https:\/\/ordemdosfisioterapeutas.pt\/es\/noticias\/ordem-participa-em-aula-de-estudantes-de-fisioterapia\/","title":{"rendered":"El Colegio de Abogados portugu\u00e9s participa en una clase de estudiantes de Fisioterapia"},"content":{"rendered":"<div data-elementor-type=\"wp-post\" data-elementor-id=\"7307\" class=\"elementor elementor-7307\" data-elementor-post-type=\"post\">\n\t\t\t\t\t\t<section class=\"elementor-section elementor-top-section elementor-element elementor-element-018707f elementor-section-boxed elementor-section-height-default elementor-section-height-default\" data-id=\"018707f\" data-element_type=\"section\" data-e-type=\"section\">\n\t\t\t\t\t\t<div class=\"elementor-container elementor-column-gap-default\">\n\t\t\t\t\t<div class=\"elementor-column elementor-col-100 elementor-top-column elementor-element elementor-element-5026f47\" data-id=\"5026f47\" data-element_type=\"column\" data-e-type=\"column\">\n\t\t\t<div class=\"elementor-widget-wrap elementor-element-populated\">\n\t\t\t\t\t\t<div class=\"elementor-element elementor-element-d40c953 elementor-widget elementor-widget-text-editor\" data-id=\"d40c953\" data-element_type=\"widget\" data-e-type=\"widget\" data-widget_type=\"text-editor.default\">\n\t\t\t\t<div class=\"elementor-widget-container\">\n\t\t\t\t\t\t\t\t\t<p style=\"font-weight: 400;\">La Orden de Fisioterapeutas, representada por el Consejero Afonso Neutel, particip\u00f3 el mi\u00e9rcoles en una clase para estudiantes de primer curso de fisioterapia en la Escuela Superior de Salud Jean Piaget de Vila Nova de Gaia.<\/p><p style=\"font-weight: 400;\">La invitaci\u00f3n fue enviada por la citada instituci\u00f3n de ense\u00f1anza superior, que, en el marco de la asignatura Introducci\u00f3n a la profesi\u00f3n de la titulaci\u00f3n de Fisioterapia, se centra en la historia de la creaci\u00f3n de la Orden de Fisioterapeutas y en su misi\u00f3n y objetivos.<\/p><p style=\"font-weight: 400;\">El miembro del Consejo Afonso Neutel hizo una presentaci\u00f3n a los estudiantes, centr\u00e1ndose en la importancia de la labor de la Orden en la consolidaci\u00f3n de los pilares de la regulaci\u00f3n de la profesi\u00f3n y la defensa de los ciudadanos.<\/p><p style=\"font-weight: 400;\">Tambi\u00e9n abord\u00f3 algunos documentos estructurantes como el Estatuto de la Orden de Fisioterapeutas, cuya modificaci\u00f3n fue aprobada recientemente, as\u00ed como el C\u00f3digo Deontol\u00f3gico, el Reglamento de la Ley de Fisioterapeutas y el Reglamento Disciplinario, entre otras cuestiones clave.<\/p>\t\t\t\t\t\t\t\t<\/div>\n\t\t\t\t<\/div>\n\t\t\t\t\t<\/div>\n\t\t<\/div>\n\t\t\t\t\t<\/div>\n\t\t<\/section>\n\t\t\t\t<\/div>","protected":false},"excerpt":{"rendered":"<p>La Orden de Fisioterapeutas, representada por el Consejero Afonso Neutel, particip\u00f3 el mi\u00e9rcoles en una clase para estudiantes de primer curso de fisioterapia en la Escuela Superior de Salud Jean Piaget de Vila Nova de Gaia.<\/p>","protected":false},"author":1,"featured_media":7308,"comment_status":"closed","ping_status":"open","sticky":false,"template":"","format":"standard","meta":{"footnotes":""},"categories":[13],"tags":[],"class_list":["post-7307","post","type-post","status-publish","format-standard","has-post-thumbnail","hentry","category-noticias"],"_links":{"self":[{"href":"https:\/\/ordemdosfisioterapeutas.pt\/es\/wp-json\/wp\/v2\/posts\/7307","targetHints":{"allow":["GET"]}}],"collection":[{"href":"https:\/\/ordemdosfisioterapeutas.pt\/es\/wp-json\/wp\/v2\/posts"}],"about":[{"href":"https:\/\/ordemdosfisioterapeutas.pt\/es\/wp-json\/wp\/v2\/types\/post"}],"author":[{"embeddable":true,"href":"https:\/\/ordemdosfisioterapeutas.pt\/es\/wp-json\/wp\/v2\/users\/1"}],"replies":[{"embeddable":true,"href":"https:\/\/ordemdosfisioterapeutas.pt\/es\/wp-json\/wp\/v2\/comments?post=7307"}],"version-history":[{"count":0,"href":"https:\/\/ordemdosfisioterapeutas.pt\/es\/wp-json\/wp\/v2\/posts\/7307\/revisions"}],"wp:featuredmedia":[{"embeddable":true,"href":"https:\/\/ordemdosfisioterapeutas.pt\/es\/wp-json\/wp\/v2\/media\/7308"}],"wp:attachment":[{"href":"https:\/\/ordemdosfisioterapeutas.pt\/es\/wp-json\/wp\/v2\/media?parent=7307"}],"wp:term":[{"taxonomy":"category","embeddable":true,"href":"https:\/\/ordemdosfisioterapeutas.pt\/es\/wp-json\/wp\/v2\/categories?post=7307"},{"taxonomy":"post_tag","embeddable":true,"href":"https:\/\/ordemdosfisioterapeutas.pt\/es\/wp-json\/wp\/v2\/tags?post=7307"}],"curies":[{"name":"wp","href":"https:\/\/api.w.org\/{rel}","templated":true}]}}