{"id":7066,"date":"2023-11-17T08:00:00","date_gmt":"2023-11-17T08:00:00","guid":{"rendered":"https:\/\/ordemdosfisioterapeutas.pt\/?p=7066"},"modified":"2023-11-17T08:55:21","modified_gmt":"2023-11-17T08:55:21","slug":"quando-os-bebes-nascem-cedo-demais-dia-mundial-da-prematuridade","status":"publish","type":"post","link":"https:\/\/ordemdosfisioterapeutas.pt\/es\/noticias\/quando-os-bebes-nascem-cedo-demais-dia-mundial-da-prematuridade\/","title":{"rendered":"Cuando los beb\u00e9s nacen demasiado pronto: D\u00eda Mundial del Prematuro"},"content":{"rendered":"<div data-elementor-type=\"wp-post\" data-elementor-id=\"7066\" class=\"elementor elementor-7066\" data-elementor-post-type=\"post\">\n\t\t\t\t\t\t<section class=\"elementor-section elementor-top-section elementor-element elementor-element-3b0621e elementor-section-boxed elementor-section-height-default elementor-section-height-default\" data-id=\"3b0621e\" data-element_type=\"section\" data-e-type=\"section\">\n\t\t\t\t\t\t<div class=\"elementor-container elementor-column-gap-default\">\n\t\t\t\t\t<div class=\"elementor-column elementor-col-100 elementor-top-column elementor-element elementor-element-e2c4af9\" data-id=\"e2c4af9\" data-element_type=\"column\" data-e-type=\"column\">\n\t\t\t<div class=\"elementor-widget-wrap elementor-element-populated\">\n\t\t\t\t\t\t<div class=\"elementor-element elementor-element-9591a86 elementor-widget elementor-widget-text-editor\" data-id=\"9591a86\" data-element_type=\"widget\" data-e-type=\"widget\" data-widget_type=\"text-editor.default\">\n\t\t\t\t<div class=\"elementor-widget-container\">\n\t\t\t\t\t\t\t\t\t<p>Este viernes, 17 de noviembre, se celebra el <strong>D\u00eda Mundial del Prematuro<\/strong>, una fecha que pretende concienciar sobre los nacimientos prematuros, las muertes y las secuelas debidas a la prematuridad, promovida por la <span style=\"text-decoration: underline;\"><a href=\"https:\/\/www.efcni.org\/\" target=\"_blank\" rel=\"noopener\">EFCNI - Fundaci\u00f3n Europea para el Cuidado de los Reci\u00e9n Nacidos<\/a><\/span>Se trata de una plataforma creada en abril de 2008 a nivel europeo, formada por padres y profesionales sanitarios, con el objetivo de dar voz a los reci\u00e9n nacidos prematuros y a sus familias.<\/p><p>O <strong>parto prematuro<\/strong> La Organizaci\u00f3n Mundial de la Salud (OMS) define el nacimiento antes de las 37 semanas completas de gestaci\u00f3n. Actualmente le ocurre a m\u00e1s de 10% de los 130 millones de beb\u00e9s en todo el mundo y de 5 a 12% de los 5 millones de beb\u00e9s europeos.\" (EFCNI, 2019, <em>Hoja informativa sobre el parto prematuro<\/em>).<\/p><p>En <strong>beb\u00e9s prematuros<\/strong> <strong>o prematuro<\/strong> pueden clasificarse en funci\u00f3n de la edad gestacional y el peso al nacer, siendo mayor la morbilidad neonatal cuanto m\u00e1s prematuro o ligero es el beb\u00e9. As\u00ed, <strong>prematuridad \"extrema<\/strong>\" incluye a los beb\u00e9s de menos de 28 semanas de gestaci\u00f3n, el \"<strong>gran\" prematuridad<\/strong>Los que nacen con menos de 32 semanas se consideran <strong>pret\u00e9rminos \"moderados\" o \"tard\u00edos<\/strong>\" los nacidos entre las semanas 32-33 y 34-36, respectivamente. Son \"<strong>insuficiencia ponderal extrema<\/strong>\"beb\u00e9s nacidos con un peso inferior a 1000 gramos (g), de \"<strong>peso muy reducido<\/strong>\" con un peso inferior a 1500 g, y \"<strong>bajo peso<\/strong>\" entre 1500-2500 g.<\/p><h2><span style=\"text-decoration: underline;\"><strong>Intervenci\u00f3n fisioterap\u00e9utica en la prematuridad <\/strong><\/span><\/h2><p>A <strong>vulnerabilidad<\/strong> de estos beb\u00e9s, debido a las caracter\u00edsticas inherentes a su prematuridad y a la inmadurez de sus sistemas org\u00e1nicos, nos hace prever ciertas complicaciones y requiere un estrecho seguimiento de su evoluci\u00f3n, no s\u00f3lo, sino especialmente en el caso de los prematuros extremos, debido al mayor riesgo de secuelas asociadas a su condici\u00f3n. <strong>La intervenci\u00f3n fisioterap\u00e9utica en esta poblaci\u00f3n ha demostrado beneficios<\/strong>Debe iniciarse precozmente, incluso durante la hospitalizaci\u00f3n en la UCIN (Unidad de Cuidados Intensivos Neonatales).<\/p><p>Las exigencias de los primeros a\u00f1os de vida y las primeras experiencias deben ser cuidadosamente observadas por la persona afectada. <strong>Fisioterapeuta,<\/strong> para estructurar mejor su enfoque, con el objetivo de favorecer el desarrollo t\u00edpico del beb\u00e9, contribuir a su desarrollo neuromotor y minimizar o incluso evitar secuelas graves.<\/p><p>A <strong>prematuridad<\/strong> es la causa reconocida de secuelas importantes como par\u00e1lisis cerebral, deterioro cognitivo y alteraciones neurosensoriales de moderadas a graves. Durante la hospitalizaci\u00f3n, el posicionamiento y los cuidados neuroprotectores son ejemplos de intervenci\u00f3n fisioter\u00e1pica y desempe\u00f1an un papel fundamental para prevenirlas o minimizarlas. La afecci\u00f3n respiratoria tambi\u00e9n se ve afectada en esta poblaci\u00f3n, con la enfermedad de la membrana hialina (enfermedad t\u00edpica de la inmadurez pulmonar), y su evoluci\u00f3n a displasia broncopulmonar y enfermedad pulmonar cr\u00f3nica.<\/p><p>De la neonatolog\u00eda al hogar y del hogar al mundo. <strong>Fisioterapeuta<\/strong> es el profesional sanitario a tener como acompa\u00f1ante durante los primeros meses\/a\u00f1os de vida de los beb\u00e9s prematuros y sus familias. Por ello, es fundamental establecer un plan de seguimiento interdisciplinar tras el alta hospitalaria, que debe incluir una evaluaci\u00f3n del estado neurol\u00f3gico del beb\u00e9, su desarrollo motor, conductual, cognitivo y del lenguaje, para poder identificar signos de alerta precoz e intervenir a tiempo para minimizar o prevenir secuelas.<\/p><p>A <strong>Fisioterapeutas<\/strong> tambi\u00e9n desempe\u00f1a el papel de educador, ya que la orientaci\u00f3n de la familia es clave para el \u00e9xito de su intervenci\u00f3n. Las m\u00faltiples actividades de la vida cotidiana son oportunidades \u00fanicas para que la <strong>tr\u00edada<\/strong> <strong>padre-madre-beb\u00e9<\/strong> puede profundizar en las relaciones y potenciar el desarrollo del beb\u00e9. En <strong>Fisioterapeutas<\/strong> quiere que sean padres mejor equipados, con herramientas para favorecer el desarrollo armonioso de sus \"peque\u00f1os guerreros\", t\u00e9rmino que suele utilizarse para describir a esta poblaci\u00f3n y que hace referencia a la capacidad de recuperaci\u00f3n de los beb\u00e9s prematuros.<\/p>\t\t\t\t\t\t\t\t<\/div>\n\t\t\t\t<\/div>\n\t\t\t\t<div class=\"elementor-element elementor-element-d1a9108 elementor-widget elementor-widget-gallery\" data-id=\"d1a9108\" data-element_type=\"widget\" data-e-type=\"widget\" data-settings=\"{&quot;lazyload&quot;:&quot;yes&quot;,&quot;gallery_layout&quot;:&quot;grid&quot;,&quot;columns&quot;:4,&quot;columns_tablet&quot;:2,&quot;columns_mobile&quot;:1,&quot;gap&quot;:{&quot;unit&quot;:&quot;px&quot;,&quot;size&quot;:10,&quot;sizes&quot;:[]},&quot;gap_tablet&quot;:{&quot;unit&quot;:&quot;px&quot;,&quot;size&quot;:10,&quot;sizes&quot;:[]},&quot;gap_mobile&quot;:{&quot;unit&quot;:&quot;px&quot;,&quot;size&quot;:10,&quot;sizes&quot;:[]},&quot;link_to&quot;:&quot;file&quot;,&quot;aspect_ratio&quot;:&quot;3:2&quot;,&quot;overlay_background&quot;:&quot;yes&quot;,&quot;content_hover_animation&quot;:&quot;fade-in&quot;}\" data-widget_type=\"gallery.default\">\n\t\t\t\t<div class=\"elementor-widget-container\">\n\t\t\t\t\t\t\t<div class=\"elementor-gallery__container\">\n\t\t\t\t\t\t\t<a class=\"e-gallery-item elementor-gallery-item elementor-animated-content\" href=\"https:\/\/ordemdosfisioterapeutas.pt\/wp-content\/uploads\/2023\/11\/WPD_FB_Insta_global_no_branding_PT_Motiv_5.jpg\" data-elementor-open-lightbox=\"yes\" data-elementor-lightbox-slideshow=\"d1a9108\" data-elementor-lightbox-title=\"WPD_FB_Insta_global_no_branding_PT_Motiv_5\" data-e-action-hash=\"#elementor-action%3Aaction%3Dlightbox%26settings%3DeyJpZCI6NzA3MCwidXJsIjoiaHR0cHM6XC9cL29yZGVtZG9zZmlzaW90ZXJhcGV1dGFzLnB0XC93cC1jb250ZW50XC91cGxvYWRzXC8yMDIzXC8xMVwvV1BEX0ZCX0luc3RhX2dsb2JhbF9ub19icmFuZGluZ19QVF9Nb3Rpdl81LmpwZyIsInNsaWRlc2hvdyI6ImQxYTkxMDgifQ%3D%3D\">\n\t\t\t\t\t<div class=\"e-gallery-image elementor-gallery-item__image\" data-thumbnail=\"https:\/\/ordemdosfisioterapeutas.pt\/wp-content\/uploads\/2023\/11\/WPD_FB_Insta_global_no_branding_PT_Motiv_5-300x300.jpg\" data-width=\"300\" data-height=\"300\" aria-label=\"\" role=\"img\" ><\/div>\n\t\t\t\t\t\t\t\t\t\t\t<div class=\"elementor-gallery-item__overlay\"><\/div>\n\t\t\t\t\t\t\t\t\t\t\t\t\t\t<\/a>\n\t\t\t\t\t\t\t<a class=\"e-gallery-item elementor-gallery-item elementor-animated-content\" href=\"https:\/\/ordemdosfisioterapeutas.pt\/wp-content\/uploads\/2023\/11\/WPD_FB_Insta_Infografik_global_no_branding_PT-1.jpg\" data-elementor-open-lightbox=\"yes\" data-elementor-lightbox-slideshow=\"d1a9108\" data-elementor-lightbox-title=\"WPD_FB_Insta_Infografik_global_no_branding_PT (1)\" data-e-action-hash=\"#elementor-action%3Aaction%3Dlightbox%26settings%3DeyJpZCI6NzA2OSwidXJsIjoiaHR0cHM6XC9cL29yZGVtZG9zZmlzaW90ZXJhcGV1dGFzLnB0XC93cC1jb250ZW50XC91cGxvYWRzXC8yMDIzXC8xMVwvV1BEX0ZCX0luc3RhX0luZm9ncmFmaWtfZ2xvYmFsX25vX2JyYW5kaW5nX1BULTEuanBnIiwic2xpZGVzaG93IjoiZDFhOTEwOCJ9\">\n\t\t\t\t\t<div class=\"e-gallery-image elementor-gallery-item__image\" data-thumbnail=\"https:\/\/ordemdosfisioterapeutas.pt\/wp-content\/uploads\/2023\/11\/WPD_FB_Insta_Infografik_global_no_branding_PT-1-300x300.jpg\" data-width=\"300\" data-height=\"300\" aria-label=\"\" role=\"img\" ><\/div>\n\t\t\t\t\t\t\t\t\t\t\t<div class=\"elementor-gallery-item__overlay\"><\/div>\n\t\t\t\t\t\t\t\t\t\t\t\t\t\t<\/a>\n\t\t\t\t\t<\/div>\n\t\t\t\t\t<\/div>\n\t\t\t\t<\/div>\n\t\t\t\t\t<\/div>\n\t\t<\/div>\n\t\t\t\t\t<\/div>\n\t\t<\/section>\n\t\t\t\t<\/div>","protected":false},"excerpt":{"rendered":"<p>Este viernes, 17 de noviembre, se celebra el D\u00eda Mundial del Prematuro, una fecha que pretende concienciar sobre los nacimientos prematuros, las muertes y las secuelas debidas a la prematuridad, promovida por la EFCNI - Fundaci\u00f3n Europea para el Cuidado del Reci\u00e9n Nacido, una plataforma creada en abril de 2008 a nivel europeo, formada por padres y profesionales sanitarios, con el objetivo de dar voz a los reci\u00e9n nacidos prematuros y a sus familias.<\/p>","protected":false},"author":1,"featured_media":7067,"comment_status":"closed","ping_status":"open","sticky":false,"template":"","format":"standard","meta":{"footnotes":""},"categories":[13],"tags":[],"class_list":["post-7066","post","type-post","status-publish","format-standard","has-post-thumbnail","hentry","category-noticias"],"_links":{"self":[{"href":"https:\/\/ordemdosfisioterapeutas.pt\/es\/wp-json\/wp\/v2\/posts\/7066","targetHints":{"allow":["GET"]}}],"collection":[{"href":"https:\/\/ordemdosfisioterapeutas.pt\/es\/wp-json\/wp\/v2\/posts"}],"about":[{"href":"https:\/\/ordemdosfisioterapeutas.pt\/es\/wp-json\/wp\/v2\/types\/post"}],"author":[{"embeddable":true,"href":"https:\/\/ordemdosfisioterapeutas.pt\/es\/wp-json\/wp\/v2\/users\/1"}],"replies":[{"embeddable":true,"href":"https:\/\/ordemdosfisioterapeutas.pt\/es\/wp-json\/wp\/v2\/comments?post=7066"}],"version-history":[{"count":0,"href":"https:\/\/ordemdosfisioterapeutas.pt\/es\/wp-json\/wp\/v2\/posts\/7066\/revisions"}],"wp:featuredmedia":[{"embeddable":true,"href":"https:\/\/ordemdosfisioterapeutas.pt\/es\/wp-json\/wp\/v2\/media\/7067"}],"wp:attachment":[{"href":"https:\/\/ordemdosfisioterapeutas.pt\/es\/wp-json\/wp\/v2\/media?parent=7066"}],"wp:term":[{"taxonomy":"category","embeddable":true,"href":"https:\/\/ordemdosfisioterapeutas.pt\/es\/wp-json\/wp\/v2\/categories?post=7066"},{"taxonomy":"post_tag","embeddable":true,"href":"https:\/\/ordemdosfisioterapeutas.pt\/es\/wp-json\/wp\/v2\/tags?post=7066"}],"curies":[{"name":"wp","href":"https:\/\/api.w.org\/{rel}","templated":true}]}}