{"id":6986,"date":"2023-10-30T17:40:14","date_gmt":"2023-10-30T17:40:14","guid":{"rendered":"https:\/\/ordemdosfisioterapeutas.pt\/?p=6986"},"modified":"2023-10-30T17:40:53","modified_gmt":"2023-10-30T17:40:53","slug":"ordem-dos-fisioterapeutas-presente-na-2-a-edicao-das-jornadas-nacionais-da-fisioterapia-invasiva","status":"publish","type":"post","link":"https:\/\/ordemdosfisioterapeutas.pt\/es\/noticias\/ordem-dos-fisioterapeutas-presente-na-2-a-edicao-das-jornadas-nacionais-da-fisioterapia-invasiva\/","title":{"rendered":"La Orden de Fisioterapeutas presente en las II Jornadas Nacionales de Fisioterapia Invasiva"},"content":{"rendered":"<div data-elementor-type=\"wp-post\" data-elementor-id=\"6986\" class=\"elementor elementor-6986\" data-elementor-post-type=\"post\">\n\t\t\t\t\t\t<section class=\"elementor-section elementor-top-section elementor-element elementor-element-dcf2954 elementor-section-boxed elementor-section-height-default elementor-section-height-default\" data-id=\"dcf2954\" data-element_type=\"section\" data-e-type=\"section\">\n\t\t\t\t\t\t<div class=\"elementor-container elementor-column-gap-default\">\n\t\t\t\t\t<div class=\"elementor-column elementor-col-100 elementor-top-column elementor-element elementor-element-563c7d2\" data-id=\"563c7d2\" data-element_type=\"column\" data-e-type=\"column\">\n\t\t\t<div class=\"elementor-widget-wrap elementor-element-populated\">\n\t\t\t\t\t\t<div class=\"elementor-element elementor-element-39ccb3d elementor-widget elementor-widget-text-editor\" data-id=\"39ccb3d\" data-element_type=\"widget\" data-e-type=\"widget\" data-widget_type=\"text-editor.default\">\n\t\t\t\t<div class=\"elementor-widget-container\">\n\t\t\t\t\t\t\t\t\t<p style=\"font-weight: 400;\">La Orden de Fisioterapeutas estuvo presente hoy en la 2\u00aa edici\u00f3n de las Jornadas Nacionales de Fisioterapia Invasiva, con la participaci\u00f3n del miembro del Consejo Afonso Neutel en la ceremonia de apertura.<\/p><p style=\"font-weight: 400;\">En su intervenci\u00f3n en el acto de inauguraci\u00f3n, destac\u00f3 que \"el fisioterapeuta es un profesional de la salud, y la fisioterapia es una disciplina cient\u00edfica, que debe tener al usuario y a la persona en el centro de su proceso, apoy\u00e1ndose en evidencias s\u00f3lidas que garanticen la defensa del ciudadano\".<\/p><p style=\"font-weight: 400;\">En este discurso, tambi\u00e9n se mencion\u00f3 que \"el proceso fisioterap\u00e9utico es la aplicaci\u00f3n de la ciencia y la fisioterapia, y que debe ser transversal a todas las \u00e1reas de intervenci\u00f3n\".<\/p><p style=\"font-weight: 400;\">Con motivo de estas jornadas, Afonso Neutel aprovech\u00f3 para informar de que se est\u00e1 trabajando en la creaci\u00f3n de un sistema de evaluaci\u00f3n y acreditaci\u00f3n de la formaci\u00f3n de postgrado, junto con la creaci\u00f3n de un marco de especialidades<\/p>\t\t\t\t\t\t\t\t<\/div>\n\t\t\t\t<\/div>\n\t\t\t\t\t<\/div>\n\t\t<\/div>\n\t\t\t\t\t<\/div>\n\t\t<\/section>\n\t\t\t\t<\/div>","protected":false},"excerpt":{"rendered":"<p>La Orden de Fisioterapeutas estuvo presente hoy en la 2\u00aa edici\u00f3n de las Jornadas Nacionales de Fisioterapia Invasiva, con la participaci\u00f3n del miembro del Consejo Afonso Neutel en la ceremonia de apertura.<\/p>","protected":false},"author":1,"featured_media":6987,"comment_status":"closed","ping_status":"open","sticky":false,"template":"","format":"standard","meta":{"footnotes":""},"categories":[13],"tags":[],"class_list":["post-6986","post","type-post","status-publish","format-standard","has-post-thumbnail","hentry","category-noticias"],"_links":{"self":[{"href":"https:\/\/ordemdosfisioterapeutas.pt\/es\/wp-json\/wp\/v2\/posts\/6986","targetHints":{"allow":["GET"]}}],"collection":[{"href":"https:\/\/ordemdosfisioterapeutas.pt\/es\/wp-json\/wp\/v2\/posts"}],"about":[{"href":"https:\/\/ordemdosfisioterapeutas.pt\/es\/wp-json\/wp\/v2\/types\/post"}],"author":[{"embeddable":true,"href":"https:\/\/ordemdosfisioterapeutas.pt\/es\/wp-json\/wp\/v2\/users\/1"}],"replies":[{"embeddable":true,"href":"https:\/\/ordemdosfisioterapeutas.pt\/es\/wp-json\/wp\/v2\/comments?post=6986"}],"version-history":[{"count":0,"href":"https:\/\/ordemdosfisioterapeutas.pt\/es\/wp-json\/wp\/v2\/posts\/6986\/revisions"}],"wp:featuredmedia":[{"embeddable":true,"href":"https:\/\/ordemdosfisioterapeutas.pt\/es\/wp-json\/wp\/v2\/media\/6987"}],"wp:attachment":[{"href":"https:\/\/ordemdosfisioterapeutas.pt\/es\/wp-json\/wp\/v2\/media?parent=6986"}],"wp:term":[{"taxonomy":"category","embeddable":true,"href":"https:\/\/ordemdosfisioterapeutas.pt\/es\/wp-json\/wp\/v2\/categories?post=6986"},{"taxonomy":"post_tag","embeddable":true,"href":"https:\/\/ordemdosfisioterapeutas.pt\/es\/wp-json\/wp\/v2\/tags?post=6986"}],"curies":[{"name":"wp","href":"https:\/\/api.w.org\/{rel}","templated":true}]}}