{"id":6958,"date":"2023-10-26T21:38:15","date_gmt":"2023-10-26T20:38:15","guid":{"rendered":"https:\/\/ordemdosfisioterapeutas.pt\/?p=6958"},"modified":"2023-10-26T21:39:53","modified_gmt":"2023-10-26T20:39:53","slug":"bastonario-no-20o-aniversario-da-escola-superior-de-saude-jean-piaget-vila-nova-de-gaia","status":"publish","type":"post","link":"https:\/\/ordemdosfisioterapeutas.pt\/es\/noticias\/bastonario-no-20o-aniversario-da-escola-superior-de-saude-jean-piaget-vila-nova-de-gaia\/","title":{"rendered":"Presidente en el 20\u00ba aniversario de la Escuela de Salud Jean Piaget - Vila Nova de Gaia"},"content":{"rendered":"<div data-elementor-type=\"wp-post\" data-elementor-id=\"6958\" class=\"elementor elementor-6958\" data-elementor-post-type=\"post\">\n\t\t\t\t\t\t<section class=\"elementor-section elementor-top-section elementor-element elementor-element-0ded0a5 elementor-section-boxed elementor-section-height-default elementor-section-height-default\" data-id=\"0ded0a5\" data-element_type=\"section\" data-e-type=\"section\">\n\t\t\t\t\t\t<div class=\"elementor-container elementor-column-gap-default\">\n\t\t\t\t\t<div class=\"elementor-column elementor-col-100 elementor-top-column elementor-element elementor-element-a06c4be\" data-id=\"a06c4be\" data-element_type=\"column\" data-e-type=\"column\">\n\t\t\t<div class=\"elementor-widget-wrap elementor-element-populated\">\n\t\t\t\t\t\t<div class=\"elementor-element elementor-element-604456d elementor-widget elementor-widget-text-editor\" data-id=\"604456d\" data-element_type=\"widget\" data-e-type=\"widget\" data-widget_type=\"text-editor.default\">\n\t\t\t\t<div class=\"elementor-widget-container\">\n\t\t\t\t\t\t\t\t\t<p>El Presidente Ant\u00f3nio Lopes particip\u00f3 en la ceremonia de conmemoraci\u00f3n del <span style=\"text-decoration: underline;\"><a href=\"https:\/\/ipiaget.org\/ess-jp-de-v-n-de-gaia-celebra-20o-aniversario-no-dia-26-de-outubro\/\" target=\"_blank\" rel=\"noopener\">20 a\u00f1os de la Escuela de Salud Jean Piaget - Vila Nova de Gaia<\/a><\/span>el 26 de octubre.<\/p><p>\u00a0<\/p><p>En su discurso en la Sesi\u00f3n Inaugural, calific\u00f3 de esencial que la Orden de Fisioterapeutas colabore con las Instituciones de Educaci\u00f3n Superior con cursos acreditados para cumplir con su deber estatutario de \"<em>promover el desarrollo del campo cient\u00edfico de la fisioterapia y su ense\u00f1anza<\/em>\".<\/p><p>A\u00f1adi\u00f3 que, como responsables de las titulaciones que dan acceso a la profesi\u00f3n de fisioterapeuta, las instituciones de ense\u00f1anza superior asumen la responsabilidad de colocar en el mercado laboral a profesionales competentes y debidamente cualificados, mientras que la Orden es la encargada de otorgar el t\u00edtulo profesional y, por tanto, de definir el perfil profesional y los est\u00e1ndares de calidad para la prestaci\u00f3n de una asistencia aut\u00f3noma, dentro de los valores \u00e9ticos exigidos.<\/p><p>Con motivo del 20\u00ba aniversario de la Escola Superior de Sa\u00fade Jean Piaget - Vila Nova de Gaia, el Presidente aprovech\u00f3 la ocasi\u00f3n para anunciar que se est\u00e1 trabajando en la creaci\u00f3n de un sistema de evaluaci\u00f3n y acreditaci\u00f3n de la formaci\u00f3n de postgrado, asociado a la creaci\u00f3n de un marco de especialidades, asegurando que todos ser\u00e1n llamados a colaborar en la discusi\u00f3n p\u00fablica de estos proyectos, tal como ocurri\u00f3 con la <a href=\"https:\/\/ordemdosfisioterapeutas.pt\/wp-content\/uploads\/2023\/05\/ato-dre.pdf\" target=\"_blank\" rel=\"noopener\">Reglamento de la Ley de Fisioterapeutas<\/a>con el <a href=\"https:\/\/ordemdosfisioterapeutas.pt\/wp-content\/uploads\/2023\/05\/codigo-dre.pdf\" target=\"_blank\" rel=\"noopener\">C\u00f3digo \u00e9tico<\/a> y con <a href=\"https:\/\/ordemdosfisioterapeutas.pt\/wp-content\/uploads\/2023\/05\/regulamento-disciplinar-dre.pdf\" target=\"_blank\" rel=\"noopener\">Reglamento disciplinario<\/a>.<\/p><p>La instituci\u00f3n cuenta actualmente con un programa de grado en Fisioterapia, entre otros.<\/p>\t\t\t\t\t\t\t\t<\/div>\n\t\t\t\t<\/div>\n\t\t\t\t\t<\/div>\n\t\t<\/div>\n\t\t\t\t\t<\/div>\n\t\t<\/section>\n\t\t\t\t<\/div>","protected":false},"excerpt":{"rendered":"<p>Ant\u00f3nio Lopes particip\u00f3 en la ceremonia conmemorativa del 20\u00ba aniversario de la Escuela de Salud Jean Piaget - Vila Nova de Gaia, el 26 de octubre.<\/p>","protected":false},"author":1,"featured_media":6959,"comment_status":"closed","ping_status":"open","sticky":false,"template":"","format":"standard","meta":{"footnotes":""},"categories":[13],"tags":[],"class_list":["post-6958","post","type-post","status-publish","format-standard","has-post-thumbnail","hentry","category-noticias"],"_links":{"self":[{"href":"https:\/\/ordemdosfisioterapeutas.pt\/es\/wp-json\/wp\/v2\/posts\/6958","targetHints":{"allow":["GET"]}}],"collection":[{"href":"https:\/\/ordemdosfisioterapeutas.pt\/es\/wp-json\/wp\/v2\/posts"}],"about":[{"href":"https:\/\/ordemdosfisioterapeutas.pt\/es\/wp-json\/wp\/v2\/types\/post"}],"author":[{"embeddable":true,"href":"https:\/\/ordemdosfisioterapeutas.pt\/es\/wp-json\/wp\/v2\/users\/1"}],"replies":[{"embeddable":true,"href":"https:\/\/ordemdosfisioterapeutas.pt\/es\/wp-json\/wp\/v2\/comments?post=6958"}],"version-history":[{"count":0,"href":"https:\/\/ordemdosfisioterapeutas.pt\/es\/wp-json\/wp\/v2\/posts\/6958\/revisions"}],"wp:featuredmedia":[{"embeddable":true,"href":"https:\/\/ordemdosfisioterapeutas.pt\/es\/wp-json\/wp\/v2\/media\/6959"}],"wp:attachment":[{"href":"https:\/\/ordemdosfisioterapeutas.pt\/es\/wp-json\/wp\/v2\/media?parent=6958"}],"wp:term":[{"taxonomy":"category","embeddable":true,"href":"https:\/\/ordemdosfisioterapeutas.pt\/es\/wp-json\/wp\/v2\/categories?post=6958"},{"taxonomy":"post_tag","embeddable":true,"href":"https:\/\/ordemdosfisioterapeutas.pt\/es\/wp-json\/wp\/v2\/tags?post=6958"}],"curies":[{"name":"wp","href":"https:\/\/api.w.org\/{rel}","templated":true}]}}