{"id":6932,"date":"2023-10-20T08:00:00","date_gmt":"2023-10-20T07:00:00","guid":{"rendered":"https:\/\/ordemdosfisioterapeutas.pt\/?p=6932"},"modified":"2023-10-19T20:07:51","modified_gmt":"2023-10-19T19:07:51","slug":"ordem-dos-fisioterapeutas-assinala-dia-nacional-da-paralisia-cerebral","status":"publish","type":"post","link":"https:\/\/ordemdosfisioterapeutas.pt\/es\/noticias\/ordem-dos-fisioterapeutas-assinala-dia-nacional-da-paralisia-cerebral\/","title":{"rendered":"El Colegio de Fisioterapeutas celebra el D\u00eda Nacional de la Par\u00e1lisis Cerebral"},"content":{"rendered":"<div data-elementor-type=\"wp-post\" data-elementor-id=\"6932\" class=\"elementor elementor-6932\" data-elementor-post-type=\"post\">\n\t\t\t\t\t\t<section class=\"elementor-section elementor-top-section elementor-element elementor-element-f1e9835 elementor-section-boxed elementor-section-height-default elementor-section-height-default\" data-id=\"f1e9835\" data-element_type=\"section\" data-e-type=\"section\">\n\t\t\t\t\t\t<div class=\"elementor-container elementor-column-gap-default\">\n\t\t\t\t\t<div class=\"elementor-column elementor-col-100 elementor-top-column elementor-element elementor-element-6ecfe5c\" data-id=\"6ecfe5c\" data-element_type=\"column\" data-e-type=\"column\">\n\t\t\t<div class=\"elementor-widget-wrap elementor-element-populated\">\n\t\t\t\t\t\t<div class=\"elementor-element elementor-element-1b376a1 elementor-widget elementor-widget-text-editor\" data-id=\"1b376a1\" data-element_type=\"widget\" data-e-type=\"widget\" data-widget_type=\"text-editor.default\">\n\t\t\t\t<div class=\"elementor-widget-container\">\n\t\t\t\t\t\t\t\t\t<p>Seg\u00fan la Organizaci\u00f3n Mundial de la Salud, se calcula que las personas con par\u00e1lisis cerebral representan alrededor del 15% de la poblaci\u00f3n mundial y 2 de cada 1000 ni\u00f1os nacen con PC. En Portugal, unas 20.000 personas viven con par\u00e1lisis cerebral, y se calcula que cada a\u00f1o se producen entre 150 y 200 nuevos casos.<\/p><p>La par\u00e1lisis cerebral engloba un conjunto de trastornos cl\u00ednicos heterog\u00e9neos que difieren en etiolog\u00eda, s\u00edntomas y gravedad. Es el trastorno del desarrollo m\u00e1s frecuente en la infancia, que condiciona la trayectoria vital del ni\u00f1o y su familia, con repercusiones en el desempe\u00f1o de las actividades funcionales cotidianas y la participaci\u00f3n social (hogar, escuela, comunidad).<\/p><p>El futuro de un ni\u00f1o con PC, como el de cualquier otra persona, debe construirse paso a paso, logro a logro, y depende de todos los que le rodean ayudarle a desarrollar todo su potencial.<\/p><p>Los fisioterapeutas desempe\u00f1an un papel importante en el proceso de (re)habilitaci\u00f3n de estos ni\u00f1os. La sociedad debe ser capaz de ayudar a crear oportunidades para que las limitaciones f\u00edsicas y\/o cognitivas no sean un obst\u00e1culo para so\u00f1ar con el futuro, ni para disminuir la participaci\u00f3n en diferentes actividades y contextos.<\/p><p>El D\u00eda Nacional de la Par\u00e1lisis Cerebral se celebra el 20 de octubre desde 2014, cuando el Parlamento portugu\u00e9s aprob\u00f3 por unanimidad la resoluci\u00f3n 27\/2014, de 7 de marzo.<\/p>\t\t\t\t\t\t\t\t<\/div>\n\t\t\t\t<\/div>\n\t\t\t\t\t<\/div>\n\t\t<\/div>\n\t\t\t\t\t<\/div>\n\t\t<\/section>\n\t\t\t\t<\/div>","protected":false},"excerpt":{"rendered":"<p>Seg\u00fan la Organizaci\u00f3n Mundial de la Salud, se calcula que las personas con par\u00e1lisis cerebral representan alrededor del 15% de la poblaci\u00f3n mundial y 2 de cada 1000 ni\u00f1os nacen con PC. En Portugal, unas 20.000 personas viven con par\u00e1lisis cerebral, y se calcula que cada a\u00f1o se producen entre 150 y 200 nuevos casos.<\/p>","protected":false},"author":1,"featured_media":6933,"comment_status":"closed","ping_status":"open","sticky":false,"template":"","format":"standard","meta":{"footnotes":""},"categories":[13],"tags":[],"class_list":["post-6932","post","type-post","status-publish","format-standard","has-post-thumbnail","hentry","category-noticias"],"_links":{"self":[{"href":"https:\/\/ordemdosfisioterapeutas.pt\/es\/wp-json\/wp\/v2\/posts\/6932","targetHints":{"allow":["GET"]}}],"collection":[{"href":"https:\/\/ordemdosfisioterapeutas.pt\/es\/wp-json\/wp\/v2\/posts"}],"about":[{"href":"https:\/\/ordemdosfisioterapeutas.pt\/es\/wp-json\/wp\/v2\/types\/post"}],"author":[{"embeddable":true,"href":"https:\/\/ordemdosfisioterapeutas.pt\/es\/wp-json\/wp\/v2\/users\/1"}],"replies":[{"embeddable":true,"href":"https:\/\/ordemdosfisioterapeutas.pt\/es\/wp-json\/wp\/v2\/comments?post=6932"}],"version-history":[{"count":0,"href":"https:\/\/ordemdosfisioterapeutas.pt\/es\/wp-json\/wp\/v2\/posts\/6932\/revisions"}],"wp:featuredmedia":[{"embeddable":true,"href":"https:\/\/ordemdosfisioterapeutas.pt\/es\/wp-json\/wp\/v2\/media\/6933"}],"wp:attachment":[{"href":"https:\/\/ordemdosfisioterapeutas.pt\/es\/wp-json\/wp\/v2\/media?parent=6932"}],"wp:term":[{"taxonomy":"category","embeddable":true,"href":"https:\/\/ordemdosfisioterapeutas.pt\/es\/wp-json\/wp\/v2\/categories?post=6932"},{"taxonomy":"post_tag","embeddable":true,"href":"https:\/\/ordemdosfisioterapeutas.pt\/es\/wp-json\/wp\/v2\/tags?post=6932"}],"curies":[{"name":"wp","href":"https:\/\/api.w.org\/{rel}","templated":true}]}}