{"id":6916,"date":"2023-10-14T08:00:00","date_gmt":"2023-10-14T07:00:00","guid":{"rendered":"https:\/\/ordemdosfisioterapeutas.pt\/?p=6916"},"modified":"2023-10-13T19:59:23","modified_gmt":"2023-10-13T18:59:23","slug":"ordem-dos-fisioterapeutas-assinala-papel-da-fisioterapia-em-cuidados-paliativos","status":"publish","type":"post","link":"https:\/\/ordemdosfisioterapeutas.pt\/es\/noticias\/ordem-dos-fisioterapeutas-assinala-papel-da-fisioterapia-em-cuidados-paliativos\/","title":{"rendered":"El Colegio de Fisioterapeutas destaca el papel de la fisioterapia en los cuidados paliativos"},"content":{"rendered":"<div data-elementor-type=\"wp-post\" data-elementor-id=\"6916\" class=\"elementor elementor-6916\" data-elementor-post-type=\"post\">\n\t\t\t\t\t\t<section class=\"elementor-section elementor-top-section elementor-element elementor-element-fc2767e elementor-section-boxed elementor-section-height-default elementor-section-height-default\" data-id=\"fc2767e\" data-element_type=\"section\" data-e-type=\"section\">\n\t\t\t\t\t\t<div class=\"elementor-container elementor-column-gap-default\">\n\t\t\t\t\t<div class=\"elementor-column elementor-col-100 elementor-top-column elementor-element elementor-element-75fe1f4\" data-id=\"75fe1f4\" data-element_type=\"column\" data-e-type=\"column\">\n\t\t\t<div class=\"elementor-widget-wrap elementor-element-populated\">\n\t\t\t\t\t\t<div class=\"elementor-element elementor-element-169b1c9 elementor-widget elementor-widget-text-editor\" data-id=\"169b1c9\" data-element_type=\"widget\" data-e-type=\"widget\" data-widget_type=\"text-editor.default\">\n\t\t\t\t<div class=\"elementor-widget-container\">\n\t\t\t\t\t\t\t\t\t<p>Este s\u00e1bado, 14 de octubre, se celebra el <strong>D\u00eda Mundial de los Cuidados Paliativos<\/strong>Se trata de una fecha reconocida internacionalmente para celebrar y concienciar sobre la importancia del acceso a <strong>Cuidados paliativos<\/strong>.<\/p><p>La Organizaci\u00f3n Mundial de la Salud (OMS) calcula que en 2060 se habr\u00e1 duplicado el n\u00famero de personas con necesidades paliativas en el mundo.<\/p><p>En Portugal, s\u00f3lo 30% de las personas con necesidades paliativas tienen acceso a <strong>Cuidados paliativos<\/strong> especializado.<\/p><p><strong>La fisioterapia puede ayudar<\/strong><\/p><p>\u00bfSab\u00eda que no todos los pacientes paliativos est\u00e1n encamados?<\/p><p>De hecho, la OMS recomienda llevar una vida lo m\u00e1s activa posible hasta la muerte.<\/p><p>Para cumplir esta recomendaci\u00f3n, la <strong>Fisioterapia<\/strong> ha surgido como una intervenci\u00f3n de excelencia en el control no farmacol\u00f3gico de los s\u00edntomas y la mejora del bienestar y la calidad de vida, hasta la muerte. El principal objetivo de <strong>Fisioterapeuta,<\/strong> en este contexto, es la promoci\u00f3n de la autonom\u00eda y la independencia, con la funci\u00f3n que exista en cada momento.<\/p><p>Las pruebas cient\u00edficas demuestran los beneficios de la <strong>Fisioterapia en cuidados paliativos<\/strong> en el tratamiento de diversos s\u00edntomas como la movilidad reducida, la fatiga, el dolor, los s\u00edntomas respiratorios, la ansiedad y la depresi\u00f3n. Tambi\u00e9n sabemos que los fisioterapeutas contribuyen activamente a que el final de la vida sea m\u00e1s significativo y satisfactorio.<\/p>\t\t\t\t\t\t\t\t<\/div>\n\t\t\t\t<\/div>\n\t\t\t\t\t<\/div>\n\t\t<\/div>\n\t\t\t\t\t<\/div>\n\t\t<\/section>\n\t\t\t\t<\/div>","protected":false},"excerpt":{"rendered":"<p>Este s\u00e1bado, 14 de octubre, se celebra el D\u00eda Mundial de los Cuidados Paliativos, una fecha establecida a nivel internacional para celebrar y concienciar sobre la importancia del acceso a los cuidados paliativos.<\/p>","protected":false},"author":1,"featured_media":6917,"comment_status":"closed","ping_status":"open","sticky":false,"template":"","format":"standard","meta":{"footnotes":""},"categories":[13],"tags":[],"class_list":["post-6916","post","type-post","status-publish","format-standard","has-post-thumbnail","hentry","category-noticias"],"_links":{"self":[{"href":"https:\/\/ordemdosfisioterapeutas.pt\/es\/wp-json\/wp\/v2\/posts\/6916","targetHints":{"allow":["GET"]}}],"collection":[{"href":"https:\/\/ordemdosfisioterapeutas.pt\/es\/wp-json\/wp\/v2\/posts"}],"about":[{"href":"https:\/\/ordemdosfisioterapeutas.pt\/es\/wp-json\/wp\/v2\/types\/post"}],"author":[{"embeddable":true,"href":"https:\/\/ordemdosfisioterapeutas.pt\/es\/wp-json\/wp\/v2\/users\/1"}],"replies":[{"embeddable":true,"href":"https:\/\/ordemdosfisioterapeutas.pt\/es\/wp-json\/wp\/v2\/comments?post=6916"}],"version-history":[{"count":0,"href":"https:\/\/ordemdosfisioterapeutas.pt\/es\/wp-json\/wp\/v2\/posts\/6916\/revisions"}],"wp:featuredmedia":[{"embeddable":true,"href":"https:\/\/ordemdosfisioterapeutas.pt\/es\/wp-json\/wp\/v2\/media\/6917"}],"wp:attachment":[{"href":"https:\/\/ordemdosfisioterapeutas.pt\/es\/wp-json\/wp\/v2\/media?parent=6916"}],"wp:term":[{"taxonomy":"category","embeddable":true,"href":"https:\/\/ordemdosfisioterapeutas.pt\/es\/wp-json\/wp\/v2\/categories?post=6916"},{"taxonomy":"post_tag","embeddable":true,"href":"https:\/\/ordemdosfisioterapeutas.pt\/es\/wp-json\/wp\/v2\/tags?post=6916"}],"curies":[{"name":"wp","href":"https:\/\/api.w.org\/{rel}","templated":true}]}}