{"id":5728,"date":"2023-03-29T16:17:27","date_gmt":"2023-03-29T15:17:27","guid":{"rendered":"https:\/\/ordemdosfisioterapeutas.pt\/?p=5728"},"modified":"2023-03-29T16:26:29","modified_gmt":"2023-03-29T15:26:29","slug":"ordem-dos-fisioterapeutas-divulga-relatorio-perfil-profissional-do-fisioterapeuta","status":"publish","type":"post","link":"https:\/\/ordemdosfisioterapeutas.pt\/es\/noticias\/ordem-dos-fisioterapeutas-divulga-relatorio-perfil-profissional-do-fisioterapeuta\/","title":{"rendered":"La Orden Portuguesa de Fisioterapeutas publica el informe \"Perfil Profesional del Fisioterapeuta"},"content":{"rendered":"<div data-elementor-type=\"wp-post\" data-elementor-id=\"5728\" class=\"elementor elementor-5728\" data-elementor-post-type=\"post\">\n\t\t\t\t\t\t<section class=\"elementor-section elementor-top-section elementor-element elementor-element-090ba5d elementor-section-boxed elementor-section-height-default elementor-section-height-default\" data-id=\"090ba5d\" data-element_type=\"section\" data-e-type=\"section\">\n\t\t\t\t\t\t<div class=\"elementor-container elementor-column-gap-default\">\n\t\t\t\t\t<div class=\"elementor-column elementor-col-100 elementor-top-column elementor-element elementor-element-32a26d2\" data-id=\"32a26d2\" data-element_type=\"column\" data-e-type=\"column\">\n\t\t\t<div class=\"elementor-widget-wrap elementor-element-populated\">\n\t\t\t\t\t\t<div class=\"elementor-element elementor-element-43e5abf elementor-widget elementor-widget-text-editor\" data-id=\"43e5abf\" data-element_type=\"widget\" data-e-type=\"widget\" data-widget_type=\"text-editor.default\">\n\t\t\t\t<div class=\"elementor-widget-container\">\n\t\t\t\t\t\t\t\t\t<p>El Colegio de Fisioterapeutas publica este mi\u00e9rcoles, 29 de marzo, el informe del \"<span style=\"text-decoration: underline;\"><a href=\"https:\/\/ordemdosfisioterapeutas.pt\/wp-content\/uploads\/2023\/03\/Relatorio-do-Perfil-Profissional-do-Fisioterapeuta.pdf\" target=\"_blank\" rel=\"noopener\">Perfil profesional del fisioterapeuta<\/a><\/span>\"Este informe ha sido elaborado por el Gabinete de Estudios y Planificaci\u00f3n (GEP).<\/p><p>El documento ofrece la primera caracterizaci\u00f3n global de estos profesionales de la salud, a partir de los datos del formulario de inscripci\u00f3n de la Ordem dos Advogados, que \"nos ha permitido hacer un balance de la situaci\u00f3n al alcanzar la marca de los diez mil y nos permitir\u00e1, a medio y largo plazo, analizar la evoluci\u00f3n de estos mismos indicadores\", afirma Ant\u00f3nio Lopes, en el informe.<\/p><p>A 13 de febrero de 2023, hab\u00eda 10.208 fisioterapeutas colegiados, de los cuales 73% eran mujeres, revela el informe, que puede consultarse <span style=\"text-decoration: underline;\"><a href=\"https:\/\/ordemdosfisioterapeutas.pt\/wp-content\/uploads\/2023\/03\/Relatorio-do-Perfil-Profissional-do-Fisioterapeuta.pdf\" target=\"_blank\" rel=\"noopener\">aqu\u00ed<\/a><\/span>e incluye tambi\u00e9n indicadores como la formaci\u00f3n y el contexto profesional en el que trabajan.<\/p><h2>El Gabinete de Estudos e Planeamento da Ordem dos Fisioterapeutas cumple un a\u00f1o<\/h2><p>Los fisioterapeutas de la <span style=\"text-decoration: underline;\"><a href=\"https:\/\/ordemdosfisioterapeutas.pt\/es\/gabinete-de-estudos-e-planeamento\/\" target=\"_blank\" rel=\"noopener\">Oficina de Estudios y Planificaci\u00f3n <\/a><\/span>se reun\u00edan hoy, un a\u00f1o despu\u00e9s del <span style=\"text-decoration: underline;\"><a href=\"https:\/\/ordemdosfisioterapeutas.pt\/es\/noticias\/tomada-de-posse-gabinete-de-estudos-e-planeamento-gep\/\" target=\"_blank\" rel=\"noopener\">toma de posesi\u00f3n<\/a>,<\/span> en la sede de la Ordem dos Fisioterapeutas.<\/p><p>Adem\u00e1s del informe del \"<span style=\"text-decoration: underline;\"><a href=\"https:\/\/ordemdosfisioterapeutas.pt\/wp-content\/uploads\/2023\/03\/Relatorio-do-Perfil-Profissional-do-Fisioterapeuta.pdf\" target=\"_blank\" rel=\"noopener\">Perfil profesional del fisioterapeuta<\/a><\/span>\"El GEP ha prestado apoyo a la Junta Directiva de la Asociaci\u00f3n Portuguesa de Fisioterapeutas emitiendo dict\u00e1menes sobre diferentes cuestiones consideradas dentro de su \u00e1mbito de actuaci\u00f3n.<\/p><p>El desarrollo de una plataforma electr\u00f3nica de registro de datos para la evaluaci\u00f3n de resultados en Fisioterapia y una agenda de investigaci\u00f3n son otros proyectos en fase de ejecuci\u00f3n.<\/p>\t\t\t\t\t\t\t\t<\/div>\n\t\t\t\t<\/div>\n\t\t\t\t\t<\/div>\n\t\t<\/div>\n\t\t\t\t\t<\/div>\n\t\t<\/section>\n\t\t\t\t<section class=\"elementor-section elementor-top-section elementor-element elementor-element-174b2ee elementor-section-boxed elementor-section-height-default elementor-section-height-default\" data-id=\"174b2ee\" data-element_type=\"section\" data-e-type=\"section\">\n\t\t\t\t\t\t<div class=\"elementor-container elementor-column-gap-default\">\n\t\t\t\t\t<div class=\"elementor-column elementor-col-100 elementor-top-column elementor-element elementor-element-ef0e349\" data-id=\"ef0e349\" data-element_type=\"column\" data-e-type=\"column\">\n\t\t\t<div class=\"elementor-widget-wrap elementor-element-populated\">\n\t\t\t\t\t\t<div class=\"elementor-element elementor-element-fc70f60 elementor-widget elementor-widget-gallery\" data-id=\"fc70f60\" data-element_type=\"widget\" data-e-type=\"widget\" data-settings=\"{&quot;lazyload&quot;:&quot;yes&quot;,&quot;gallery_layout&quot;:&quot;grid&quot;,&quot;columns&quot;:4,&quot;columns_tablet&quot;:2,&quot;columns_mobile&quot;:1,&quot;gap&quot;:{&quot;unit&quot;:&quot;px&quot;,&quot;size&quot;:10,&quot;sizes&quot;:[]},&quot;gap_tablet&quot;:{&quot;unit&quot;:&quot;px&quot;,&quot;size&quot;:10,&quot;sizes&quot;:[]},&quot;gap_mobile&quot;:{&quot;unit&quot;:&quot;px&quot;,&quot;size&quot;:10,&quot;sizes&quot;:[]},&quot;link_to&quot;:&quot;file&quot;,&quot;aspect_ratio&quot;:&quot;3:2&quot;,&quot;overlay_background&quot;:&quot;yes&quot;,&quot;content_hover_animation&quot;:&quot;fade-in&quot;}\" data-widget_type=\"gallery.default\">\n\t\t\t\t<div class=\"elementor-widget-container\">\n\t\t\t\t\t\t\t<div class=\"elementor-gallery__container\">\n\t\t\t\t\t\t\t<a class=\"e-gallery-item elementor-gallery-item elementor-animated-content\" href=\"https:\/\/ordemdosfisioterapeutas.pt\/wp-content\/uploads\/2023\/03\/SLIDE_final-copy.jpg\" data-elementor-open-lightbox=\"yes\" data-elementor-lightbox-slideshow=\"fc70f60\" data-elementor-lightbox-title=\"SLIDE_final copy\" data-e-action-hash=\"#elementor-action%3Aaction%3Dlightbox%26settings%3DeyJpZCI6NTcyOSwidXJsIjoiaHR0cHM6XC9cL29yZGVtZG9zZmlzaW90ZXJhcGV1dGFzLnB0XC93cC1jb250ZW50XC91cGxvYWRzXC8yMDIzXC8wM1wvU0xJREVfZmluYWwtY29weS5qcGciLCJzbGlkZXNob3ciOiJmYzcwZjYwIn0%3D\">\n\t\t\t\t\t<div class=\"e-gallery-image elementor-gallery-item__image\" data-thumbnail=\"https:\/\/ordemdosfisioterapeutas.pt\/wp-content\/uploads\/2023\/03\/SLIDE_final-copy-300x200.jpg\" data-width=\"300\" data-height=\"200\" aria-label=\"\" role=\"img\" ><\/div>\n\t\t\t\t\t\t\t\t\t\t\t<div class=\"elementor-gallery-item__overlay\"><\/div>\n\t\t\t\t\t\t\t\t\t\t\t\t\t\t<\/a>\n\t\t\t\t\t\t\t<a class=\"e-gallery-item elementor-gallery-item elementor-animated-content\" href=\"https:\/\/ordemdosfisioterapeutas.pt\/wp-content\/uploads\/2023\/03\/reuniao-GEP_noticia.jpg\" data-elementor-open-lightbox=\"yes\" data-elementor-lightbox-slideshow=\"fc70f60\" data-elementor-lightbox-title=\"reuniao GEP_noticia\" data-e-action-hash=\"#elementor-action%3Aaction%3Dlightbox%26settings%3DeyJpZCI6NTczMywidXJsIjoiaHR0cHM6XC9cL29yZGVtZG9zZmlzaW90ZXJhcGV1dGFzLnB0XC93cC1jb250ZW50XC91cGxvYWRzXC8yMDIzXC8wM1wvcmV1bmlhby1HRVBfbm90aWNpYS5qcGciLCJzbGlkZXNob3ciOiJmYzcwZjYwIn0%3D\">\n\t\t\t\t\t<div class=\"e-gallery-image elementor-gallery-item__image\" data-thumbnail=\"https:\/\/ordemdosfisioterapeutas.pt\/wp-content\/uploads\/2023\/03\/reuniao-GEP_noticia-300x200.jpg\" data-width=\"300\" data-height=\"200\" aria-label=\"\" role=\"img\" ><\/div>\n\t\t\t\t\t\t\t\t\t\t\t<div class=\"elementor-gallery-item__overlay\"><\/div>\n\t\t\t\t\t\t\t\t\t\t\t\t\t\t<\/a>\n\t\t\t\t\t<\/div>\n\t\t\t\t\t<\/div>\n\t\t\t\t<\/div>\n\t\t\t\t\t<\/div>\n\t\t<\/div>\n\t\t\t\t\t<\/div>\n\t\t<\/section>\n\t\t\t\t<\/div>","protected":false},"excerpt":{"rendered":"<p>La Orden Portuguesa de Fisioterapeutas divulga este mi\u00e9rcoles, 29 de marzo, el informe \"Perfil Profesional del Fisioterapeuta\" en Portugal, elaborado por el Gabinete de Estudos e Planeamento (GEP).<\/p>","protected":false},"author":1,"featured_media":5729,"comment_status":"closed","ping_status":"open","sticky":false,"template":"","format":"standard","meta":{"footnotes":""},"categories":[13],"tags":[],"class_list":["post-5728","post","type-post","status-publish","format-standard","has-post-thumbnail","hentry","category-noticias"],"_links":{"self":[{"href":"https:\/\/ordemdosfisioterapeutas.pt\/es\/wp-json\/wp\/v2\/posts\/5728","targetHints":{"allow":["GET"]}}],"collection":[{"href":"https:\/\/ordemdosfisioterapeutas.pt\/es\/wp-json\/wp\/v2\/posts"}],"about":[{"href":"https:\/\/ordemdosfisioterapeutas.pt\/es\/wp-json\/wp\/v2\/types\/post"}],"author":[{"embeddable":true,"href":"https:\/\/ordemdosfisioterapeutas.pt\/es\/wp-json\/wp\/v2\/users\/1"}],"replies":[{"embeddable":true,"href":"https:\/\/ordemdosfisioterapeutas.pt\/es\/wp-json\/wp\/v2\/comments?post=5728"}],"version-history":[{"count":0,"href":"https:\/\/ordemdosfisioterapeutas.pt\/es\/wp-json\/wp\/v2\/posts\/5728\/revisions"}],"wp:featuredmedia":[{"embeddable":true,"href":"https:\/\/ordemdosfisioterapeutas.pt\/es\/wp-json\/wp\/v2\/media\/5729"}],"wp:attachment":[{"href":"https:\/\/ordemdosfisioterapeutas.pt\/es\/wp-json\/wp\/v2\/media?parent=5728"}],"wp:term":[{"taxonomy":"category","embeddable":true,"href":"https:\/\/ordemdosfisioterapeutas.pt\/es\/wp-json\/wp\/v2\/categories?post=5728"},{"taxonomy":"post_tag","embeddable":true,"href":"https:\/\/ordemdosfisioterapeutas.pt\/es\/wp-json\/wp\/v2\/tags?post=5728"}],"curies":[{"name":"wp","href":"https:\/\/api.w.org\/{rel}","templated":true}]}}