{"id":5662,"date":"2023-03-14T10:19:47","date_gmt":"2023-03-14T10:19:47","guid":{"rendered":"https:\/\/ordemdosfisioterapeutas.pt\/?p=5662"},"modified":"2023-03-14T10:20:55","modified_gmt":"2023-03-14T10:20:55","slug":"bastonario-na-tomada-de-posse-da-diretora-da-escola-superior-de-saude-dr-lopes-dias","status":"publish","type":"post","link":"https:\/\/ordemdosfisioterapeutas.pt\/es\/noticias\/bastonario-na-tomada-de-posse-da-diretora-da-escola-superior-de-saude-dr-lopes-dias\/","title":{"rendered":"El Presidente del Colegio de Abogados de Portugal en la toma de posesi\u00f3n del Director de la Escuela de Salud Dr. Lopes Dias"},"content":{"rendered":"<div data-elementor-type=\"wp-post\" data-elementor-id=\"5662\" class=\"elementor elementor-5662\" data-elementor-post-type=\"post\">\n\t\t\t\t\t\t<section class=\"elementor-section elementor-top-section elementor-element elementor-element-99d274d elementor-section-boxed elementor-section-height-default elementor-section-height-default\" data-id=\"99d274d\" data-element_type=\"section\" data-e-type=\"section\">\n\t\t\t\t\t\t<div class=\"elementor-container elementor-column-gap-default\">\n\t\t\t\t\t<div class=\"elementor-column elementor-col-100 elementor-top-column elementor-element elementor-element-ebbfd76\" data-id=\"ebbfd76\" data-element_type=\"column\" data-e-type=\"column\">\n\t\t\t<div class=\"elementor-widget-wrap elementor-element-populated\">\n\t\t\t\t\t\t<div class=\"elementor-element elementor-element-3611a05 elementor-widget elementor-widget-text-editor\" data-id=\"3611a05\" data-element_type=\"widget\" data-e-type=\"widget\" data-widget_type=\"text-editor.default\">\n\t\t\t\t<div class=\"elementor-widget-container\">\n\t\t\t\t\t\t\t\t\t<p style=\"font-weight: 400;\">Invitado por el Presidente del Instituto Polit\u00e9cnico de Castelo Branco (IPCB), el Presidente de la Orden de los Fisioterapeutas, Ant\u00f3nio Lopes, estuvo presente en la ceremonia de toma de posesi\u00f3n del nuevo Director de la Escuela Superior de Salud Dr. Lopes Dias (ESALD), el tambi\u00e9n fisioterapeuta Rute Cris\u00f3stomo, que tuvo lugar el d\u00eda 8 de marzo, en el auditorio de la referida escuela.<\/p><p style=\"font-weight: 400;\">El Director ahora investido es un profesor en el \u00e1rea cient\u00edfica de la fisioterapia y fue elegido para un primer mandato al frente de esa unidad org\u00e1nica del IPCB.<\/p>\t\t\t\t\t\t\t\t<\/div>\n\t\t\t\t<\/div>\n\t\t\t\t\t<\/div>\n\t\t<\/div>\n\t\t\t\t\t<\/div>\n\t\t<\/section>\n\t\t\t\t<\/div>","protected":false},"excerpt":{"rendered":"<p>Invitado por el Presidente del Instituto Polit\u00e9cnico de Castelo Branco (IPCB), el Presidente de la Orden de los Fisioterapeutas, Ant\u00f3nio Lopes, estuvo presente en la ceremonia de toma de posesi\u00f3n del nuevo Director de la Escuela Superior de Salud Dr. Lopes Dias (ESALD), el tambi\u00e9n fisioterapeuta Rute Cris\u00f3stomo, que tuvo lugar el d\u00eda 8 de marzo, en el auditorio de la referida escuela.<\/p>","protected":false},"author":1,"featured_media":5663,"comment_status":"closed","ping_status":"open","sticky":false,"template":"","format":"standard","meta":{"footnotes":""},"categories":[13],"tags":[],"class_list":["post-5662","post","type-post","status-publish","format-standard","has-post-thumbnail","hentry","category-noticias"],"_links":{"self":[{"href":"https:\/\/ordemdosfisioterapeutas.pt\/es\/wp-json\/wp\/v2\/posts\/5662","targetHints":{"allow":["GET"]}}],"collection":[{"href":"https:\/\/ordemdosfisioterapeutas.pt\/es\/wp-json\/wp\/v2\/posts"}],"about":[{"href":"https:\/\/ordemdosfisioterapeutas.pt\/es\/wp-json\/wp\/v2\/types\/post"}],"author":[{"embeddable":true,"href":"https:\/\/ordemdosfisioterapeutas.pt\/es\/wp-json\/wp\/v2\/users\/1"}],"replies":[{"embeddable":true,"href":"https:\/\/ordemdosfisioterapeutas.pt\/es\/wp-json\/wp\/v2\/comments?post=5662"}],"version-history":[{"count":0,"href":"https:\/\/ordemdosfisioterapeutas.pt\/es\/wp-json\/wp\/v2\/posts\/5662\/revisions"}],"wp:featuredmedia":[{"embeddable":true,"href":"https:\/\/ordemdosfisioterapeutas.pt\/es\/wp-json\/wp\/v2\/media\/5663"}],"wp:attachment":[{"href":"https:\/\/ordemdosfisioterapeutas.pt\/es\/wp-json\/wp\/v2\/media?parent=5662"}],"wp:term":[{"taxonomy":"category","embeddable":true,"href":"https:\/\/ordemdosfisioterapeutas.pt\/es\/wp-json\/wp\/v2\/categories?post=5662"},{"taxonomy":"post_tag","embeddable":true,"href":"https:\/\/ordemdosfisioterapeutas.pt\/es\/wp-json\/wp\/v2\/tags?post=5662"}],"curies":[{"name":"wp","href":"https:\/\/api.w.org\/{rel}","templated":true}]}}