{"id":11811,"date":"2025-10-14T08:17:25","date_gmt":"2025-10-14T07:17:25","guid":{"rendered":"https:\/\/ordemdosfisioterapeutas.pt\/?p=11811"},"modified":"2025-10-14T08:20:28","modified_gmt":"2025-10-14T07:20:28","slug":"dia-nacional-de-luta-contra-a-dor-fisioterapia-reforca-o-papel-da-prevencao","status":"publish","type":"post","link":"https:\/\/ordemdosfisioterapeutas.pt\/es\/noticias\/dia-nacional-de-luta-contra-a-dor-fisioterapia-reforca-o-papel-da-prevencao\/","title":{"rendered":"D\u00eda Nacional del Dolor: la fisioterapia destaca el papel de la prevenci\u00f3n"},"content":{"rendered":"<div data-elementor-type=\"wp-post\" data-elementor-id=\"11811\" class=\"elementor elementor-11811\" data-elementor-post-type=\"post\">\n\t\t\t\t<div class=\"elementor-element elementor-element-e210f81 e-flex e-con-boxed e-con e-parent\" data-id=\"e210f81\" data-element_type=\"container\" data-e-type=\"container\">\n\t\t\t\t\t<div class=\"e-con-inner\">\n\t\t\t\t<div class=\"elementor-element elementor-element-5cc3a23 elementor-widget elementor-widget-text-editor\" data-id=\"5cc3a23\" data-element_type=\"widget\" data-e-type=\"widget\" data-widget_type=\"text-editor.default\">\n\t\t\t\t<div class=\"elementor-widget-container\">\n\t\t\t\t\t\t\t\t\t<p><strong>D\u00eda Nacional del Dolor: <\/strong><strong>La fisioterapia refuerza el papel de la prevenci\u00f3n<\/strong><\/p><p>El D\u00eda Nacional del Dolor, que se celebra el 14 de octubre, tiene por lema \"Atenci\u00f3n preventiva en el dolor cr\u00f3nico\" y est\u00e1 organizado oficialmente por la Federaci\u00f3n Europea del Dolor (EFIC). El d\u00eda pretende aumentar la comprensi\u00f3n y la concienciaci\u00f3n sobre el dolor cr\u00f3nico, una dolencia que afecta a 1 de cada 5 adultos en Europa y es la principal causa de demanda de asistencia sanitaria y discapacidad.<\/p><p>El dolor cr\u00f3nico es una afecci\u00f3n multidimensional, en la que influyen factores biol\u00f3gicos, psicol\u00f3gicos y sociales, que limita la calidad de vida, afecta a la salud mental y reduce la participaci\u00f3n social. A pesar de su importante impacto, la prevenci\u00f3n sigue siendo insuficiente y la intervenci\u00f3n temprana es crucial para evitar que el dolor agudo se convierta en cr\u00f3nico e incapacitante.<\/p><p>V\u00e9ase <span style=\"text-decoration: underline;\"><a href=\"https:\/\/youtube.com\/shorts\/VB5IoXscTOg?si=RaGvlWIV2PXiYPmd\" target=\"_blank\" rel=\"noopener\">aqu\u00ed<\/a><\/span> el v\u00eddeo oficial de la campa\u00f1a 2025 de EFIC, centrada en la importancia de la prevenci\u00f3n del dolor cr\u00f3nico.<\/p><p><strong>El papel central de la fisioterapia<\/strong><\/p><p>La fisioterapia es un componente fundamental en la prevenci\u00f3n y el tratamiento del dolor cr\u00f3nico. Los fisioterapeutas eval\u00faan las causas funcionales del dolor e intervienen antes de que se convierta en incapacitante, promoviendo:<\/p><ul><li>Reeducaci\u00f3n motriz y del movimiento, reduciendo la inflamaci\u00f3n y la rigidez;<\/li><li>Educaci\u00f3n para el autocuidado, la ergonom\u00eda y el ejercicio seguro;<\/li><li>Seguimiento de la rehabilitaci\u00f3n, garantizando la recuperaci\u00f3n de la funcionalidad y la mejora de la calidad de vida.<\/li><\/ul><p>De este modo, la fisioterapia no s\u00f3lo alivia el dolor, sino que tambi\u00e9n contribuye a la prevenci\u00f3n primaria y secundaria, reforzando la equidad sanitaria y reduciendo el impacto econ\u00f3mico del dolor cr\u00f3nico, estimado en hasta 12.000 millones de euros al a\u00f1o en Europa.<\/p><p>El EFIC subraya que la prevenci\u00f3n es posible, eficaz y asequible, y que es necesaria una acci\u00f3n conjunta para reducir la carga que el dolor cr\u00f3nico supone para la sociedad.<\/p><p>Como ejemplo de fomento de la concienciaci\u00f3n sobre la importancia del movimiento en el tratamiento del dolor, revise <span style=\"text-decoration: underline;\"><a href=\"https:\/\/www.youtube.com\/watch?v=ibUQCzj8DVE\" target=\"_blank\" rel=\"noopener\">aqu\u00ed<\/a> <\/span>el episodio dedicado a este tema de la campa\u00f1a \"+Salud en cada movimiento\" del Colegio de Fisioterapeutas. <\/p>\t\t\t\t\t\t\t\t<\/div>\n\t\t\t\t<\/div>\n\t\t\t\t\t<\/div>\n\t\t\t\t<\/div>\n\t\t\t\t<\/div>","protected":false},"excerpt":{"rendered":"<p>El D\u00eda Nacional del Dolor, que se celebra el 14 de octubre, tiene por lema \"Atenci\u00f3n preventiva en el dolor cr\u00f3nico\" y est\u00e1 organizado oficialmente por la Federaci\u00f3n Europea del Dolor (EFIC). El d\u00eda pretende aumentar la comprensi\u00f3n y la concienciaci\u00f3n sobre el dolor cr\u00f3nico, una dolencia que afecta a 1 de cada 5 adultos en Europa y es la principal causa de demanda de asistencia sanitaria y discapacidad.<\/p>","protected":false},"author":1,"featured_media":11812,"comment_status":"closed","ping_status":"open","sticky":false,"template":"","format":"standard","meta":{"footnotes":""},"categories":[13],"tags":[],"class_list":["post-11811","post","type-post","status-publish","format-standard","has-post-thumbnail","hentry","category-noticias"],"_links":{"self":[{"href":"https:\/\/ordemdosfisioterapeutas.pt\/es\/wp-json\/wp\/v2\/posts\/11811","targetHints":{"allow":["GET"]}}],"collection":[{"href":"https:\/\/ordemdosfisioterapeutas.pt\/es\/wp-json\/wp\/v2\/posts"}],"about":[{"href":"https:\/\/ordemdosfisioterapeutas.pt\/es\/wp-json\/wp\/v2\/types\/post"}],"author":[{"embeddable":true,"href":"https:\/\/ordemdosfisioterapeutas.pt\/es\/wp-json\/wp\/v2\/users\/1"}],"replies":[{"embeddable":true,"href":"https:\/\/ordemdosfisioterapeutas.pt\/es\/wp-json\/wp\/v2\/comments?post=11811"}],"version-history":[{"count":4,"href":"https:\/\/ordemdosfisioterapeutas.pt\/es\/wp-json\/wp\/v2\/posts\/11811\/revisions"}],"predecessor-version":[{"id":11816,"href":"https:\/\/ordemdosfisioterapeutas.pt\/es\/wp-json\/wp\/v2\/posts\/11811\/revisions\/11816"}],"wp:featuredmedia":[{"embeddable":true,"href":"https:\/\/ordemdosfisioterapeutas.pt\/es\/wp-json\/wp\/v2\/media\/11812"}],"wp:attachment":[{"href":"https:\/\/ordemdosfisioterapeutas.pt\/es\/wp-json\/wp\/v2\/media?parent=11811"}],"wp:term":[{"taxonomy":"category","embeddable":true,"href":"https:\/\/ordemdosfisioterapeutas.pt\/es\/wp-json\/wp\/v2\/categories?post=11811"},{"taxonomy":"post_tag","embeddable":true,"href":"https:\/\/ordemdosfisioterapeutas.pt\/es\/wp-json\/wp\/v2\/tags?post=11811"}],"curies":[{"name":"wp","href":"https:\/\/api.w.org\/{rel}","templated":true}]}}