{"id":11106,"date":"2025-08-05T08:00:00","date_gmt":"2025-08-05T07:00:00","guid":{"rendered":"https:\/\/ordemdosfisioterapeutas.pt\/?p=11106"},"modified":"2025-09-17T09:30:50","modified_gmt":"2025-09-17T08:30:50","slug":"consulta-publica-proposta-de-alteracao-ao-regulamento-de-inscricao-da-ordem-dos-fisioterapeutas","status":"publish","type":"post","link":"https:\/\/ordemdosfisioterapeutas.pt\/es\/noticias\/consulta-publica-proposta-de-alteracao-ao-regulamento-de-inscricao-da-ordem-dos-fisioterapeutas\/","title":{"rendered":"Consulta p\u00fablica - Propuesta de modificaci\u00f3n del Reglamento de Registro del Colegio de Fisioterapeutas"},"content":{"rendered":"<div data-elementor-type=\"wp-post\" data-elementor-id=\"11106\" class=\"elementor elementor-11106\" data-elementor-post-type=\"post\">\n\t\t\t\t<div class=\"elementor-element elementor-element-8cb589b e-flex e-con-boxed e-con e-parent\" data-id=\"8cb589b\" data-element_type=\"container\" data-e-type=\"container\">\n\t\t\t\t\t<div class=\"e-con-inner\">\n\t\t\t\t<div class=\"elementor-element elementor-element-07ad1eb elementor-widget elementor-widget-text-editor\" data-id=\"07ad1eb\" data-element_type=\"widget\" data-e-type=\"widget\" data-widget_type=\"text-editor.default\">\n\t\t\t\t<div class=\"elementor-widget-container\">\n\t\t\t\t\t\t\t\t\t<p>El Colegio de Fisioterapeutas de Portugal informa de que se ha publicado, en el Di\u00e1rio da Rep\u00fablica, el <a href=\"https:\/\/diariodarepublica.pt\/dr\/detalhe\/aviso\/19455-2025-927634655\" target=\"_blank\" rel=\"noopener\"><span style=\"text-decoration: underline;\">Anuncio n\u00ba 19455\/2025\/2<\/span><\/a>de 4 de agosto de 2025 sobre la consulta p\u00fablica de la propuesta de modificaci\u00f3n del Reglamento de Registro del Colegio de Fisioterapeutas.<\/p><p><strong>Respuestas a la consulta p\u00fablica<\/strong><\/p><p>Todos los miembros de la Orden de Fisioterapeutas, con inscripci\u00f3n en vigor, est\u00e1n invitados a participar rellenando el formulario para enviar comentarios.<\/p><p>Una vez cumplimentado, el formulario se enviar\u00e1 autom\u00e1ticamente a su direcci\u00f3n: <strong>consultapublica@ordemdosfisioterapeutas.pt<\/strong>El participante recibir\u00e1 una copia en el buz\u00f3n de correo electr\u00f3nico que haya indicado.<\/p><p>S\u00f3lo se tendr\u00e1n en cuenta las contribuciones que se hayan recibido al final del d\u00eda. <strong>16 de septiembre de 2025<\/strong>Por favor, env\u00edelas a la Orden de Fisioterapeutas en el formulario indicado.<\/p>\t\t\t\t\t\t\t\t<\/div>\n\t\t\t\t<\/div>\n\t\t\t\t\t<\/div>\n\t\t\t\t<\/div>\n\t\t\t\t<\/div>","protected":false},"excerpt":{"rendered":"<p>El Colegio de Fisioterapeutas informa que se ha publicado en el Bolet\u00edn Oficial del Estado el Anuncio n\u00ba 19455\/2025\/2, de 4 de agosto de 2025, relativo a la consulta p\u00fablica de la propuesta de modificaci\u00f3n del Reglamento de Registro del Colegio de Fisioterapeutas.<\/p>","protected":false},"author":1,"featured_media":11108,"comment_status":"closed","ping_status":"open","sticky":false,"template":"","format":"standard","meta":{"footnotes":""},"categories":[13],"tags":[],"class_list":["post-11106","post","type-post","status-publish","format-standard","has-post-thumbnail","hentry","category-noticias"],"_links":{"self":[{"href":"https:\/\/ordemdosfisioterapeutas.pt\/es\/wp-json\/wp\/v2\/posts\/11106","targetHints":{"allow":["GET"]}}],"collection":[{"href":"https:\/\/ordemdosfisioterapeutas.pt\/es\/wp-json\/wp\/v2\/posts"}],"about":[{"href":"https:\/\/ordemdosfisioterapeutas.pt\/es\/wp-json\/wp\/v2\/types\/post"}],"author":[{"embeddable":true,"href":"https:\/\/ordemdosfisioterapeutas.pt\/es\/wp-json\/wp\/v2\/users\/1"}],"replies":[{"embeddable":true,"href":"https:\/\/ordemdosfisioterapeutas.pt\/es\/wp-json\/wp\/v2\/comments?post=11106"}],"version-history":[{"count":3,"href":"https:\/\/ordemdosfisioterapeutas.pt\/es\/wp-json\/wp\/v2\/posts\/11106\/revisions"}],"predecessor-version":[{"id":11521,"href":"https:\/\/ordemdosfisioterapeutas.pt\/es\/wp-json\/wp\/v2\/posts\/11106\/revisions\/11521"}],"wp:featuredmedia":[{"embeddable":true,"href":"https:\/\/ordemdosfisioterapeutas.pt\/es\/wp-json\/wp\/v2\/media\/11108"}],"wp:attachment":[{"href":"https:\/\/ordemdosfisioterapeutas.pt\/es\/wp-json\/wp\/v2\/media?parent=11106"}],"wp:term":[{"taxonomy":"category","embeddable":true,"href":"https:\/\/ordemdosfisioterapeutas.pt\/es\/wp-json\/wp\/v2\/categories?post=11106"},{"taxonomy":"post_tag","embeddable":true,"href":"https:\/\/ordemdosfisioterapeutas.pt\/es\/wp-json\/wp\/v2\/tags?post=11106"}],"curies":[{"name":"wp","href":"https:\/\/api.w.org\/{rel}","templated":true}]}}