{"id":10129,"date":"2025-03-31T14:39:21","date_gmt":"2025-03-31T13:39:21","guid":{"rendered":"https:\/\/ordemdosfisioterapeutas.pt\/?p=10129"},"modified":"2025-03-31T14:44:06","modified_gmt":"2025-03-31T13:44:06","slug":"dia-nacional-do-doente-com-avc-fisioterapia-essencial-na-prevencao-e-recuperacao-das-doencas-cerebro-cardiovasculares","status":"publish","type":"post","link":"https:\/\/ordemdosfisioterapeutas.pt\/es\/noticias\/dia-nacional-do-doente-com-avc-fisioterapia-essencial-na-prevencao-e-recuperacao-das-doencas-cerebro-cardiovasculares\/","title":{"rendered":"D\u00eda Nacional del Paciente con Ictus: la fisioterapia, esencial en la prevenci\u00f3n y recuperaci\u00f3n de enfermedades cerebrales y cardiovasculares"},"content":{"rendered":"<div data-elementor-type=\"wp-post\" data-elementor-id=\"10129\" class=\"elementor elementor-10129\" data-elementor-post-type=\"post\">\n\t\t\t\t<div class=\"elementor-element elementor-element-d751593 e-flex e-con-boxed e-con e-parent\" data-id=\"d751593\" data-element_type=\"container\" data-e-type=\"container\">\n\t\t\t\t\t<div class=\"e-con-inner\">\n\t\t\t\t<div class=\"elementor-element elementor-element-1edbad0 elementor-widget elementor-widget-text-editor\" data-id=\"1edbad0\" data-element_type=\"widget\" data-e-type=\"widget\" data-widget_type=\"text-editor.default\">\n\t\t\t\t<div class=\"elementor-widget-container\">\n\t\t\t\t\t\t\t\t\t<p>El ictus sigue siendo la principal causa de muerte y discapacidad en Portugal, con tres casos por hora. De estos casos, al menos una persona muere y otra queda con secuelas, a menudo en edad laboral. O <strong>D\u00eda Nacional del Paciente con Ictus<\/strong>El acto, que se celebra hoy 31 de marzo, pretende concienciar sobre el impacto de estas enfermedades y la necesidad de respuestas sanitarias estructuradas, eficaces y accesibles.<\/p><p>Las enfermedades cerebrovasculares requieren un enfoque integrado, que debe comenzar con la <strong>prevenci\u00f3n primaria<\/strong>. A <strong>Fisioterapia<\/strong> tiene un papel fundamental que desempe\u00f1ar en este \u00e1mbito, contribuyendo a la promoci\u00f3n de la actividad f\u00edsica, la gesti\u00f3n de los factores de riesgo, la evaluaci\u00f3n de la forma f\u00edsica y la educaci\u00f3n sanitaria desde una edad temprana.<\/p><p>En <strong>fase post-aguda<\/strong>Sin embargo, la intervenci\u00f3n de los fisioterapeutas es igualmente decisiva para restablecer la movilidad, la funcionalidad y la autonom\u00eda, reducir las complicaciones y mejorar la calidad de vida de los afectados. La intervenci\u00f3n debe ser oportuna, intensiva y adaptada a las necesidades individuales de cada paciente.<\/p><p>La realidad actual muestra, sin embargo, que <strong>s\u00f3lo 30% de los supervivientes de ictus en Portugal tienen acceso a cuidados intensivos de rehabilitaci\u00f3n<\/strong>, e <strong>65% no tienen acceso a atenci\u00f3n multiprofesional<\/strong>. A <strong>Orden de Fisioterapeutas<\/strong> aboga por la implantaci\u00f3n de un itinerario asistencial claro y estructurado, con <strong>mayor accesibilidad a la fisioterapia en todas las fases de la enfermedad<\/strong>como ya ocurre en otros \u00e1mbitos sanitarios prioritarios.<\/p><p>Reforzar los recursos humanos en fisioterapia, mejorar la coordinaci\u00f3n entre niveles asistenciales y garantizar un acceso equitativo a servicios de calidad son medidas fundamentales para salvar vidas, reducir la discapacidad y promover la recuperaci\u00f3n funcional.<\/p><p>En este <strong>D\u00eda Nacional del Paciente con Ictus<\/strong>El Colegio de Fisioterapeutas reafirma su compromiso con la valorizaci\u00f3n de la fisioterapia y la defensa de pol\u00edticas p\u00fablicas que sit\u00faen la prevenci\u00f3n y la recuperaci\u00f3n funcional en el centro de las prioridades sanitarias en Portugal.<\/p>\t\t\t\t\t\t\t\t<\/div>\n\t\t\t\t<\/div>\n\t\t\t\t\t<\/div>\n\t\t\t\t<\/div>\n\t\t\t\t<\/div>","protected":false},"excerpt":{"rendered":"<p>Los accidentes cerebrovasculares siguen siendo la principal causa de muerte y discapacidad en Portugal, con tres casos por hora.<\/p>","protected":false},"author":1,"featured_media":10130,"comment_status":"closed","ping_status":"open","sticky":false,"template":"","format":"standard","meta":{"footnotes":""},"categories":[13],"tags":[],"class_list":["post-10129","post","type-post","status-publish","format-standard","has-post-thumbnail","hentry","category-noticias"],"_links":{"self":[{"href":"https:\/\/ordemdosfisioterapeutas.pt\/es\/wp-json\/wp\/v2\/posts\/10129","targetHints":{"allow":["GET"]}}],"collection":[{"href":"https:\/\/ordemdosfisioterapeutas.pt\/es\/wp-json\/wp\/v2\/posts"}],"about":[{"href":"https:\/\/ordemdosfisioterapeutas.pt\/es\/wp-json\/wp\/v2\/types\/post"}],"author":[{"embeddable":true,"href":"https:\/\/ordemdosfisioterapeutas.pt\/es\/wp-json\/wp\/v2\/users\/1"}],"replies":[{"embeddable":true,"href":"https:\/\/ordemdosfisioterapeutas.pt\/es\/wp-json\/wp\/v2\/comments?post=10129"}],"version-history":[{"count":0,"href":"https:\/\/ordemdosfisioterapeutas.pt\/es\/wp-json\/wp\/v2\/posts\/10129\/revisions"}],"wp:featuredmedia":[{"embeddable":true,"href":"https:\/\/ordemdosfisioterapeutas.pt\/es\/wp-json\/wp\/v2\/media\/10130"}],"wp:attachment":[{"href":"https:\/\/ordemdosfisioterapeutas.pt\/es\/wp-json\/wp\/v2\/media?parent=10129"}],"wp:term":[{"taxonomy":"category","embeddable":true,"href":"https:\/\/ordemdosfisioterapeutas.pt\/es\/wp-json\/wp\/v2\/categories?post=10129"},{"taxonomy":"post_tag","embeddable":true,"href":"https:\/\/ordemdosfisioterapeutas.pt\/es\/wp-json\/wp\/v2\/tags?post=10129"}],"curies":[{"name":"wp","href":"https:\/\/api.w.org\/{rel}","templated":true}]}}