{"id":7727,"global_id":"ordemdosfisioterapeutas.pt\/es?id=7727","global_id_lineage":["ordemdosfisioterapeutas.pt\/es?id=7727"],"author":"1","status":"publish","date":"2024-03-19 15:03:07","date_utc":"2024-03-19 15:03:07","modified":"2024-03-19 15:22:13","modified_utc":"2024-03-19 15:22:13","url":"https:\/\/ordemdosfisioterapeutas.pt\/es\/agenda\/reunioes-bilaterais-com-representantes-da-world-physiotherapy-nos-paises-africanos-de-lingua-oficial-portuguesa\/","rest_url":"https:\/\/ordemdosfisioterapeutas.pt\/es\/wp-json\/tribe\/events\/v1\/events\/7727","title":"Reuni\u00f5es bilaterais com representantes da World Physiotherapy nos Pa\u00edses Africanos de L\u00edngua Oficial Portuguesa","description":"","excerpt":"","slug":"reunioes-bilaterais-com-representantes-da-world-physiotherapy-nos-paises-africanos-de-lingua-oficial-portuguesa","image":false,"all_day":true,"start_date":"2024-02-05 00:00:00","start_date_details":{"year":"2024","month":"02","day":"05","hour":"00","minutes":"00","seconds":"00"},"end_date":"2024-02-06 23:59:59","end_date_details":{"year":"2024","month":"02","day":"06","hour":"23","minutes":"59","seconds":"59"},"utc_start_date":"2024-02-05 00:00:00","utc_start_date_details":{"year":"2024","month":"02","day":"05","hour":"00","minutes":"00","seconds":"00"},"utc_end_date":"2024-02-06 23:59:59","utc_end_date_details":{"year":"2024","month":"02","day":"06","hour":"23","minutes":"59","seconds":"59"},"timezone":"Europe\/Lisbon","timezone_abbr":"WET","cost":"","cost_details":{"currency_symbol":"","currency_code":"","currency_position":"prefix","values":[]},"website":"https:\/\/ordemdosfisioterapeutas.pt\/pt\/noticias\/ordem-apoia-projeto-de-desenvolvimento-da-profissao-nos-palop\/","show_map":true,"show_map_link":true,"hide_from_listings":false,"sticky":false,"featured":false,"categories":[{"name":"Ordem divulga","slug":"ordem-divulga","term_group":0,"term_taxonomy_id":33,"taxonomy":"tribe_events_cat","description":"","parent":0,"count":66,"filter":"raw","id":33,"urls":{"self":"https:\/\/ordemdosfisioterapeutas.pt\/es\/wp-json\/tribe\/events\/v1\/categories\/33","collection":"https:\/\/ordemdosfisioterapeutas.pt\/es\/wp-json\/tribe\/events\/v1\/categories"}}],"tags":[],"venue":{"id":7037,"author":"1","status":"publish","date":"2023-11-16 10:25:17","date_utc":"2023-11-16 10:25:17","modified":"2023-11-16 10:25:17","modified_utc":"2023-11-16 10:25:17","url":"https:\/\/ordemdosfisioterapeutas.pt\/es\/recinto\/online\/","venue":"Online","slug":"online","json_ld":{"@type":"Place","name":"Online","description":"","url":"https:\/\/ordemdosfisioterapeutas.pt\/es\/recinto\/online\/","address":{"@type":"PostalAddress"},"telephone":"","sameAs":""},"show_map":true,"show_map_link":true,"global_id":"ordemdosfisioterapeutas.pt\/es?id=7037","global_id_lineage":["ordemdosfisioterapeutas.pt\/es?id=7037"]},"organizer":[{"id":7728,"author":"1","status":"publish","date":"2024-03-19 15:03:07","date_utc":"2024-03-19 15:03:07","modified":"2024-03-19 15:03:07","modified_utc":"2024-03-19 15:03:07","url":"https:\/\/ordemdosfisioterapeutas.pt\/es\/organizador\/world-physiotherapy-com-colaboracao-da-ordem-dos-fisioterapeutas\/","organizer":"World Physiotherapy, com colabora\u00e7\u00e3o da Ordem dos Fisioterapeutas","slug":"world-physiotherapy-com-colaboracao-da-ordem-dos-fisioterapeutas","json_ld":{"@type":"Person","name":"World Physiotherapy, com colabora\u00e7\u00e3o da Ordem dos Fisioterapeutas","description":"","url":"","telephone":"","email":"","sameAs":""},"global_id":"ordemdosfisioterapeutas.pt\/es?id=7728","global_id_lineage":["ordemdosfisioterapeutas.pt\/es?id=7728"]}],"custom_fields":[],"json_ld":{"@context":"http:\/\/schema.org","@type":"Event","name":"Reuni\u00f5es bilaterais com representantes da World Physiotherapy nos Pa\u00edses Africanos de L\u00edngua Oficial Portuguesa","description":"","url":"https:\/\/ordemdosfisioterapeutas.pt\/es\/agenda\/reunioes-bilaterais-com-representantes-da-world-physiotherapy-nos-paises-africanos-de-lingua-oficial-portuguesa\/","eventAttendanceMode":"https:\/\/schema.org\/OfflineEventAttendanceMode","eventStatus":"https:\/\/schema.org\/EventScheduled","startDate":"2024-02-05T00:00:00+00:00","endDate":"2024-02-06T23:59:59+00:00","location":{"@type":"Place","name":"Online","description":"","url":"https:\/\/ordemdosfisioterapeutas.pt\/es\/recinto\/online\/","address":{"@type":"PostalAddress"},"telephone":"","sameAs":""},"organizer":{"@type":"Person","name":"World Physiotherapy, com colabora\u00e7\u00e3o da Ordem dos Fisioterapeutas","description":"","url":"","telephone":"","email":"","sameAs":""},"performer":"Organization"},"is_virtual":false,"virtual_url":null,"virtual_video_source":""}