{"id":15220,"date":"2026-09-01T16:48:08","date_gmt":"2026-09-01T15:48:08","guid":{"rendered":"https:\/\/ordemdosfisioterapeutas.pt\/?p=15220"},"modified":"2026-09-01T16:51:34","modified_gmt":"2026-09-01T15:51:34","slug":"dia-da-ordem-dos-fisioterapeutas-2026","status":"publish","type":"post","link":"https:\/\/ordemdosfisioterapeutas.pt\/en\/noticias\/dia-da-ordem-dos-fisioterapeutas-2026\/","title":{"rendered":"Dia da Ordem dos Fisioterapeutas 2026"},"content":{"rendered":"<div data-elementor-type=\"wp-post\" data-elementor-id=\"15220\" class=\"elementor elementor-15220\" data-elementor-post-type=\"post\">\n\t\t\t\t<div class=\"elementor-element elementor-element-c89b7bc e-flex e-con-boxed e-con e-parent\" data-id=\"c89b7bc\" data-element_type=\"container\" data-e-type=\"container\">\n\t\t\t\t\t<div class=\"e-con-inner\">\n\t\t\t\t<div class=\"elementor-element elementor-element-b4b3a87 elementor-widget elementor-widget-text-editor\" data-id=\"b4b3a87\" data-element_type=\"widget\" data-e-type=\"widget\" data-widget_type=\"text-editor.default\">\n\t\t\t\t<div class=\"elementor-widget-container\">\n\t\t\t\t\t\t\t\t\t<p>J\u00e1 est\u00e1 dispon\u00edvel a p\u00e1gina dedicada ao Dia da Ordem dos Fisioterapeutas 2026, que ser\u00e1 assinalado a 30 de setembro, data do 7.\u00ba anivers\u00e1rio da cria\u00e7\u00e3o da Ordem.<\/p><p>Este ano, a iniciativa ser\u00e1 celebrada atrav\u00e9s de cinco eventos regionais, promovidos pelas Dire\u00e7\u00f5es Regionais Norte, Centro, Sul, A\u00e7ores e Madeira.<\/p><p>Sob o tema \u201cO C\u00e1lculo do Valor da Interven\u00e7\u00e3o do Fisioterapeuta\u201d, o Dia da Ordem 2026 prop\u00f5e uma reflex\u00e3o sobre o valor da Fisioterapia para as pessoas, para a qualidade dos cuidados e para a sustentabilidade dos sistemas de sa\u00fade.<\/p><p>See <strong><span style=\"text-decoration: underline;\"><a href=\"https:\/\/bit.ly\/dia_da_ordem_dos_fisioterapeutas_2026\" target=\"_blank\" rel=\"noopener\">p\u00e1gina dedicada<\/a><\/span><\/strong> ao Dia da Ordem 2026 e conhe\u00e7a os programas regionais.<\/p>\t\t\t\t\t\t\t\t<\/div>\n\t\t\t\t<\/div>\n\t\t\t\t\t<\/div>\n\t\t\t\t<\/div>\n\t\t\t\t<\/div>","protected":false},"excerpt":{"rendered":"<p>J\u00e1 est\u00e1 dispon\u00edvel a p\u00e1gina dedicada ao Dia da Ordem dos Fisioterapeutas 2026, que ser\u00e1 assinalado a 30 de setembro, data do 7.\u00ba anivers\u00e1rio da cria\u00e7\u00e3o da Ordem.<\/p>","protected":false},"author":12,"featured_media":15222,"comment_status":"closed","ping_status":"open","sticky":false,"template":"","format":"standard","meta":{"footnotes":""},"categories":[13],"tags":[],"class_list":["post-15220","post","type-post","status-publish","format-standard","has-post-thumbnail","hentry","category-noticias"],"_links":{"self":[{"href":"https:\/\/ordemdosfisioterapeutas.pt\/en\/wp-json\/wp\/v2\/posts\/15220","targetHints":{"allow":["GET"]}}],"collection":[{"href":"https:\/\/ordemdosfisioterapeutas.pt\/en\/wp-json\/wp\/v2\/posts"}],"about":[{"href":"https:\/\/ordemdosfisioterapeutas.pt\/en\/wp-json\/wp\/v2\/types\/post"}],"author":[{"embeddable":true,"href":"https:\/\/ordemdosfisioterapeutas.pt\/en\/wp-json\/wp\/v2\/users\/12"}],"replies":[{"embeddable":true,"href":"https:\/\/ordemdosfisioterapeutas.pt\/en\/wp-json\/wp\/v2\/comments?post=15220"}],"version-history":[{"count":7,"href":"https:\/\/ordemdosfisioterapeutas.pt\/en\/wp-json\/wp\/v2\/posts\/15220\/revisions"}],"predecessor-version":[{"id":15228,"href":"https:\/\/ordemdosfisioterapeutas.pt\/en\/wp-json\/wp\/v2\/posts\/15220\/revisions\/15228"}],"wp:featuredmedia":[{"embeddable":true,"href":"https:\/\/ordemdosfisioterapeutas.pt\/en\/wp-json\/wp\/v2\/media\/15222"}],"wp:attachment":[{"href":"https:\/\/ordemdosfisioterapeutas.pt\/en\/wp-json\/wp\/v2\/media?parent=15220"}],"wp:term":[{"taxonomy":"category","embeddable":true,"href":"https:\/\/ordemdosfisioterapeutas.pt\/en\/wp-json\/wp\/v2\/categories?post=15220"},{"taxonomy":"post_tag","embeddable":true,"href":"https:\/\/ordemdosfisioterapeutas.pt\/en\/wp-json\/wp\/v2\/tags?post=15220"}],"curies":[{"name":"wp","href":"https:\/\/api.w.org\/{rel}","templated":true}]}}