{"id":7436,"global_id":"ordemdosfisioterapeutas.pt\/en?id=7436","global_id_lineage":["ordemdosfisioterapeutas.pt\/en?id=7436"],"author":"1","status":"publish","date":"2024-01-23 16:55:23","date_utc":"2024-01-23 16:55:23","modified":"2024-01-23 16:55:23","modified_utc":"2024-01-23 16:55:23","url":"https:\/\/ordemdosfisioterapeutas.pt\/en\/agenda\/2a-sessao-debate-do-ciclo-constituicao-da-republica-e-condicao-militar-dedicada-a-saude-militar\/","rest_url":"https:\/\/ordemdosfisioterapeutas.pt\/en\/wp-json\/tribe\/events\/v1\/events\/7436","title":"2\u00aa Sess\u00e3o Debate do ciclo &#8220;Constitui\u00e7\u00e3o da Rep\u00fablica e Condi\u00e7\u00e3o Militar&#8221;, dedicada \u00e0 Sa\u00fade Militar","description":"<p>Ordem dos Fisioterapeutas representada pelo Fisioterapeuta Fl\u00f3rido Pereira<\/p>","excerpt":"","slug":"2a-sessao-debate-do-ciclo-constituicao-da-republica-e-condicao-militar-dedicada-a-saude-militar","image":false,"all_day":true,"start_date":"2024-01-20 00:00:00","start_date_details":{"year":"2024","month":"01","day":"20","hour":"00","minutes":"00","seconds":"00"},"end_date":"2024-01-20 23:59:59","end_date_details":{"year":"2024","month":"01","day":"20","hour":"23","minutes":"59","seconds":"59"},"utc_start_date":"2024-01-20 00:00:00","utc_start_date_details":{"year":"2024","month":"01","day":"20","hour":"00","minutes":"00","seconds":"00"},"utc_end_date":"2024-01-20 23:59:59","utc_end_date_details":{"year":"2024","month":"01","day":"20","hour":"23","minutes":"59","seconds":"59"},"timezone":"Europe\/Lisbon","timezone_abbr":"WET","cost":"","cost_details":{"currency_symbol":"","currency_code":"","currency_position":"prefix","values":[]},"website":"","show_map":true,"show_map_link":true,"hide_from_listings":false,"sticky":false,"featured":false,"categories":[{"name":"A Ordem participa","slug":"ordem-participa","term_group":0,"term_taxonomy_id":32,"taxonomy":"tribe_events_cat","description":"","parent":0,"count":275,"filter":"raw","id":32,"urls":{"self":"https:\/\/ordemdosfisioterapeutas.pt\/en\/wp-json\/tribe\/events\/v1\/categories\/32","collection":"https:\/\/ordemdosfisioterapeutas.pt\/en\/wp-json\/tribe\/events\/v1\/categories"}}],"tags":[],"venue":{"id":7437,"author":"1","status":"publish","date":"2024-01-23 16:55:24","date_utc":"2024-01-23 16:55:24","modified":"2024-01-23 16:55:24","modified_utc":"2024-01-23 16:55:24","url":"https:\/\/ordemdosfisioterapeutas.pt\/en\/venue\/hospital-das-forcas-armadas-polo-porto\/","venue":"Hospital das For\u00e7as Armadas (Polo Porto)","slug":"hospital-das-forcas-armadas-polo-porto","json_ld":{"@type":"Place","name":"Hospital das For\u00e7as Armadas (Polo Porto)","description":"","url":"https:\/\/ordemdosfisioterapeutas.pt\/en\/venue\/hospital-das-forcas-armadas-polo-porto\/","address":{"@type":"PostalAddress"},"telephone":"","sameAs":""},"show_map":true,"show_map_link":true,"global_id":"ordemdosfisioterapeutas.pt\/en?id=7437","global_id_lineage":["ordemdosfisioterapeutas.pt\/en?id=7437"]},"organizer":[{"id":7438,"author":"1","status":"publish","date":"2024-01-23 16:55:24","date_utc":"2024-01-23 16:55:24","modified":"2024-01-23 16:55:24","modified_utc":"2024-01-23 16:55:24","url":"https:\/\/ordemdosfisioterapeutas.pt\/en\/organiser\/comissao-promotora-do-manifesto-cumprir-e-fazer-cumprir-a-constituicao\/","organizer":"Comiss\u00e3o Promotora do Manifesto &#8220;Cumprir e Fazer Cumprir a Constitui\u00e7\u00e3o&#8221;","slug":"comissao-promotora-do-manifesto-cumprir-e-fazer-cumprir-a-constituicao","json_ld":{"@type":"Person","name":"Comiss\u00e3o Promotora do Manifesto &#8220;Cumprir e Fazer Cumprir a Constitui\u00e7\u00e3o&#8221;","description":"","url":"","telephone":"","email":"","sameAs":""},"global_id":"ordemdosfisioterapeutas.pt\/en?id=7438","global_id_lineage":["ordemdosfisioterapeutas.pt\/en?id=7438"]}],"custom_fields":[],"json_ld":{"@context":"http:\/\/schema.org","@type":"Event","name":"2\u00aa Sess\u00e3o Debate do ciclo &#8220;Constitui\u00e7\u00e3o da Rep\u00fablica e Condi\u00e7\u00e3o Militar&#8221;, dedicada \u00e0 Sa\u00fade Militar","description":"&lt;p&gt;Ordem dos Fisioterapeutas representada pelo Fisioterapeuta Fl\u00f3rido Pereira&lt;\/p&gt;\\n","url":"https:\/\/ordemdosfisioterapeutas.pt\/en\/agenda\/2a-sessao-debate-do-ciclo-constituicao-da-republica-e-condicao-militar-dedicada-a-saude-militar\/","eventAttendanceMode":"https:\/\/schema.org\/OfflineEventAttendanceMode","eventStatus":"https:\/\/schema.org\/EventScheduled","startDate":"2024-01-20T00:00:00+00:00","endDate":"2024-01-20T23:59:59+00:00","location":{"@type":"Place","name":"Hospital das For\u00e7as Armadas (Polo Porto)","description":"","url":"https:\/\/ordemdosfisioterapeutas.pt\/en\/venue\/hospital-das-forcas-armadas-polo-porto\/","address":{"@type":"PostalAddress"},"telephone":"","sameAs":""},"organizer":{"@type":"Person","name":"Comiss\u00e3o Promotora do Manifesto &#8220;Cumprir e Fazer Cumprir a Constitui\u00e7\u00e3o&#8221;","description":"","url":"","telephone":"","email":"","sameAs":""},"performer":"Organization"},"is_virtual":false,"virtual_url":null,"virtual_video_source":""}