{"id":7023,"global_id":"ordemdosfisioterapeutas.pt\/en?id=7023","global_id_lineage":["ordemdosfisioterapeutas.pt\/en?id=7023"],"author":"1","status":"publish","date":"2023-11-16 10:17:07","date_utc":"2023-11-16 10:17:07","modified":"2023-11-16 10:17:07","modified_utc":"2023-11-16 10:17:07","url":"https:\/\/ordemdosfisioterapeutas.pt\/en\/agenda\/cerimonia-de-entrega-das-cartas-de-curso-e-cartas-alumni-2022-2023-estests-e-esenfts\/","rest_url":"https:\/\/ordemdosfisioterapeutas.pt\/en\/wp-json\/tribe\/events\/v1\/events\/7023","title":"Cerim\u00f3nia de entrega das Cartas de Curso e Cartas Alumni 2022\/2023 | ESTeSTS e ESEnfTS","description":"<p>Ordem dos Fisioterapeutas representada por Cristina Argel de Melo<\/p>","excerpt":"","slug":"cerimonia-de-entrega-das-cartas-de-curso-e-cartas-alumni-2022-2023-estests-e-esenfts","image":false,"all_day":true,"start_date":"2023-11-11 00:00:00","start_date_details":{"year":"2023","month":"11","day":"11","hour":"00","minutes":"00","seconds":"00"},"end_date":"2023-11-11 23:59:59","end_date_details":{"year":"2023","month":"11","day":"11","hour":"23","minutes":"59","seconds":"59"},"utc_start_date":"2023-11-11 00:00:00","utc_start_date_details":{"year":"2023","month":"11","day":"11","hour":"00","minutes":"00","seconds":"00"},"utc_end_date":"2023-11-11 23:59:59","utc_end_date_details":{"year":"2023","month":"11","day":"11","hour":"23","minutes":"59","seconds":"59"},"timezone":"Europe\/Lisbon","timezone_abbr":"WET","cost":"","cost_details":{"currency_symbol":"","currency_code":"","currency_position":"prefix","values":[]},"website":"","show_map":true,"show_map_link":true,"hide_from_listings":false,"sticky":false,"featured":false,"categories":[{"name":"A Ordem participa","slug":"ordem-participa","term_group":0,"term_taxonomy_id":32,"taxonomy":"tribe_events_cat","description":"","parent":0,"count":275,"filter":"raw","id":32,"urls":{"self":"https:\/\/ordemdosfisioterapeutas.pt\/en\/wp-json\/tribe\/events\/v1\/categories\/32","collection":"https:\/\/ordemdosfisioterapeutas.pt\/en\/wp-json\/tribe\/events\/v1\/categories"}}],"tags":[],"venue":{"id":7025,"author":"1","status":"publish","date":"2023-11-16 10:17:08","date_utc":"2023-11-16 10:17:08","modified":"2023-11-16 10:17:08","modified_utc":"2023-11-16 10:17:08","url":"https:\/\/ordemdosfisioterapeutas.pt\/en\/venue\/campus-universitario-de-gandra-auditorio-do-edificio-ii\/","venue":"Campus Universit\u00e1rio de Gandra, audit\u00f3rio do edif\u00edcio II","slug":"campus-universitario-de-gandra-auditorio-do-edificio-ii","json_ld":{"@type":"Place","name":"Campus Universit\u00e1rio de Gandra, audit\u00f3rio do edif\u00edcio II","description":"","url":"https:\/\/ordemdosfisioterapeutas.pt\/en\/venue\/campus-universitario-de-gandra-auditorio-do-edificio-ii\/","address":{"@type":"PostalAddress"},"telephone":"","sameAs":""},"show_map":true,"show_map_link":true,"global_id":"ordemdosfisioterapeutas.pt\/en?id=7025","global_id_lineage":["ordemdosfisioterapeutas.pt\/en?id=7025"]},"organizer":[{"id":7026,"author":"1","status":"publish","date":"2023-11-16 10:17:09","date_utc":"2023-11-16 10:17:09","modified":"2023-11-16 10:17:09","modified_utc":"2023-11-16 10:17:09","url":"https:\/\/ordemdosfisioterapeutas.pt\/en\/organiser\/estests-e-esenfts\/","organizer":"ESTeSTS e ESEnfTS","slug":"estests-e-esenfts","json_ld":{"@type":"Person","name":"ESTeSTS e ESEnfTS","description":"","url":"","telephone":"","email":"","sameAs":""},"global_id":"ordemdosfisioterapeutas.pt\/en?id=7026","global_id_lineage":["ordemdosfisioterapeutas.pt\/en?id=7026"]}],"custom_fields":[],"json_ld":{"@context":"http:\/\/schema.org","@type":"Event","name":"Cerim\u00f3nia de entrega das Cartas de Curso e Cartas Alumni 2022\/2023 | ESTeSTS e ESEnfTS","description":"&lt;p&gt;Ordem dos Fisioterapeutas representada por Cristina Argel de Melo&lt;\/p&gt;\\n","url":"https:\/\/ordemdosfisioterapeutas.pt\/en\/agenda\/cerimonia-de-entrega-das-cartas-de-curso-e-cartas-alumni-2022-2023-estests-e-esenfts\/","eventAttendanceMode":"https:\/\/schema.org\/OfflineEventAttendanceMode","eventStatus":"https:\/\/schema.org\/EventScheduled","startDate":"2023-11-11T00:00:00+00:00","endDate":"2023-11-11T23:59:59+00:00","location":{"@type":"Place","name":"Campus Universit\u00e1rio de Gandra, audit\u00f3rio do edif\u00edcio II","description":"","url":"https:\/\/ordemdosfisioterapeutas.pt\/en\/venue\/campus-universitario-de-gandra-auditorio-do-edificio-ii\/","address":{"@type":"PostalAddress"},"telephone":"","sameAs":""},"organizer":{"@type":"Person","name":"ESTeSTS e ESEnfTS","description":"","url":"","telephone":"","email":"","sameAs":""},"performer":"Organization"},"is_virtual":false,"virtual_url":null,"virtual_video_source":""}